{"id":4426,"date":"2025-03-14T18:48:34","date_gmt":"2025-03-14T21:48:34","guid":{"rendered":"https:\/\/tveventos.tv.br\/?p=4426"},"modified":"2025-03-14T18:48:36","modified_gmt":"2025-03-14T21:48:36","slug":"2a-edicao-do-decor-light-show-sera-realizada-na-equipotel-2025","status":"publish","type":"post","link":"https:\/\/tveventos.tv.br\/?p=4426","title":{"rendered":"2\u00aa edi\u00e7\u00e3o do Decor Light Show ser\u00e1 realizada na Equipotel 2025"},"content":{"rendered":"\n<p>A crescente demanda por ambientes mais estruturados no Brasil p\u00f3s-pandemia impulsiona iniciativa 100% focada na ind\u00fastria nacional<\/p>\n\n\n\n<p>S\u00e3o Paulo, fevereiro de 2025 \u2013 A RX, uma das maiores organizadoras de eventos do mundo, anuncia a 2\u00aa edi\u00e7\u00e3o do Decor Light Show, iniciativa de sucesso que estreou no ano passado, na Expolux. Em 2025, o projeto retorna ainda mais robusto, desta vez integrando a programa\u00e7\u00e3o da Equipotel, o principal evento de hospitalidade da Am\u00e9rica Latina. Esse setor, que tem na ilumina\u00e7\u00e3o, decora\u00e7\u00e3o e mobili\u00e1rio, elementos essenciais para a experi\u00eancia e o bem-estar, encontra no Decor Light Show um espa\u00e7o dedicado \u00e0 inova\u00e7\u00e3o, tend\u00eancias e inspira\u00e7\u00e3o.<\/p>\n\n\n\n<p>O objetivo \u00e9 sair do lugar comum da exposi\u00e7\u00e3o tradicional, com um ambiente onde ilumina\u00e7\u00e3o, decora\u00e7\u00e3o e mobili\u00e1rio se conectam harmoniosamente ao design, agregando valor e funcionalidade. Com essa expans\u00e3o, o novo projeto refor\u00e7a seu compromisso em oferecer um novo olhar sobre o design de interiores, tornando-se uma refer\u00eancia em inova\u00e7\u00e3o e tend\u00eancias no setor.<\/p>\n\n\n\n<p>\u201cO Decor Light Show \u00e9 uma iniciativa pioneira da RX para apresentar produtos, solu\u00e7\u00f5es e tend\u00eancias inovadoras e tecnol\u00f3gicas do mercado de design de interiores aos profissionais que buscam inspira\u00e7\u00e3o para projetos que v\u00e3o al\u00e9m da est\u00e9tica e promovem bem-estar aos usu\u00e1rios\u201d, explica Tatiana Rassini, Gerente do Decor Light Show.<\/p>\n\n\n\n<p><strong>Foco na Ind\u00fastria Nacional<\/strong><\/p>\n\n\n\n<p>Para as marcas da ind\u00fastria nacional, o Decor Light Show funcionar\u00e1 como um hub estrat\u00e9gico para impulsionar neg\u00f3cios e fortalecer o relacionamento entre os fornecedores de ilumina\u00e7\u00e3o, decora\u00e7\u00e3o e mobili\u00e1rio e os profissionais do setor, como lighting designers, varejistas de ilumina\u00e7\u00e3o, arquitetos, designers de interiores, construtores e especialistas em hotelaria. A expectativa \u00e9 receber mais de 22 mil visitantes de 16 a 19 de setembro, no Expo Center Norte, em S\u00e3o Paulo.<\/p>\n\n\n\n<p>O espa\u00e7o contar\u00e1 com tr\u00eas setores: decora\u00e7\u00e3o, ilumina\u00e7\u00e3o e mobili\u00e1rio, e ser\u00e1 exclusivo para marcas da ind\u00fastria nacional. \u201cA proposta \u00e9 valorizar e oferecer produtos feitos no Brasil para o mercado brasileiro\u201d, destaca Tatiana.<\/p>\n\n\n\n<p>Dentro desses tr\u00eas segmentos, 60 marcas nacionais ser\u00e3o selecionadas para apresentar suas solu\u00e7\u00f5es e inspirar os visitantes. Al\u00e9m dos espa\u00e7os expositivos, a a\u00e7\u00e3o contar\u00e1 com uma arena de experi\u00eancias, onde ser\u00e3o realizadas rodadas de neg\u00f3cios, apresenta\u00e7\u00e3o de cases de sucesso e oficinas t\u00e9cnicas para capacita\u00e7\u00e3o dos profissionais.<\/p>\n\n\n\n<p><strong>Parceria com a Equipotel<\/strong><\/p>\n\n\n\n<p>A 2\u00aa edi\u00e7\u00e3o do projeto acontece na Equipotel devido \u00e0 relev\u00e2ncia do design de interiores para o mercado de hospitalidade. A ind\u00fastria hoteleira busca oferecer experi\u00eancias cada vez mais funcionais, sustent\u00e1veis e voltadas ao bem-estar e autonomia dos usu\u00e1rios.<\/p>\n\n\n\n<p>\u201cDesde a pandemia, nossa rela\u00e7\u00e3o com os ambientes mudou significativamente. Conforto, bem-estar e funcionalidade passaram a andar lado a lado com a est\u00e9tica dos espa\u00e7os. \u00c9 justamente nesse ponto que a Equipotel e o Decor Light Show convergem, oferecendo solu\u00e7\u00f5es completas ao p\u00fablico\u201d, refor\u00e7a Tatiana.<\/p>\n\n\n\n<p>De 16 a 19 de setembro, no Expo Center Norte, em S\u00e3o Paulo, o Decor Light Show abre novamente suas portas para apresentar as mais inovadoras solu\u00e7\u00f5es de design de interiores para o mercado.<\/p>\n","protected":false},"excerpt":{"rendered":"<p>A crescente demanda por ambientes mais estruturados no Brasil p\u00f3s-pandemia impulsiona iniciativa 100% focada na ind\u00fastria nacional S\u00e3o Paulo, fevereiro de 2025 \u2013 A RX, uma das maiores organizadoras de eventos do mundo, anuncia a 2\u00aa edi\u00e7\u00e3o do Decor Light Show, iniciativa de sucesso que estreou no ano passado, na Expolux. Em 2025, o projeto [&hellip;]<\/p>\n","protected":false},"author":2,"featured_media":4427,"comment_status":"open","ping_status":"open","sticky":false,"template":"","format":"standard","meta":{"footnotes":""},"categories":[23],"tags":[],"class_list":{"0":"post-4426","1":"post","2":"type-post","3":"status-publish","4":"format-standard","5":"has-post-thumbnail","7":"category-feirasdenegocios"},"_links":{"self":[{"href":"https:\/\/tveventos.tv.br\/index.php?rest_route=\/wp\/v2\/posts\/4426","targetHints":{"allow":["GET"]}}],"collection":[{"href":"https:\/\/tveventos.tv.br\/index.php?rest_route=\/wp\/v2\/posts"}],"about":[{"href":"https:\/\/tveventos.tv.br\/index.php?rest_route=\/wp\/v2\/types\/post"}],"author":[{"embeddable":true,"href":"https:\/\/tveventos.tv.br\/index.php?rest_route=\/wp\/v2\/users\/2"}],"replies":[{"embeddable":true,"href":"https:\/\/tveventos.tv.br\/index.php?rest_route=%2Fwp%2Fv2%2Fcomments&post=4426"}],"version-history":[{"count":1,"href":"https:\/\/tveventos.tv.br\/index.php?rest_route=\/wp\/v2\/posts\/4426\/revisions"}],"predecessor-version":[{"id":4428,"href":"https:\/\/tveventos.tv.br\/index.php?rest_route=\/wp\/v2\/posts\/4426\/revisions\/4428"}],"wp:featuredmedia":[{"embeddable":true,"href":"https:\/\/tveventos.tv.br\/index.php?rest_route=\/wp\/v2\/media\/4427"}],"wp:attachment":[{"href":"https:\/\/tveventos.tv.br\/index.php?rest_route=%2Fwp%2Fv2%2Fmedia&parent=4426"}],"wp:term":[{"taxonomy":"category","embeddable":true,"href":"https:\/\/tveventos.tv.br\/index.php?rest_route=%2Fwp%2Fv2%2Fcategories&post=4426"},{"taxonomy":"post_tag","embeddable":true,"href":"https:\/\/tveventos.tv.br\/index.php?rest_route=%2Fwp%2Fv2%2Ftags&post=4426"}],"curies":[{"name":"wp","href":"https:\/\/api.w.org\/{rel}","templated":true}]}}