{"id":4435,"date":"2025-03-17T13:43:34","date_gmt":"2025-03-17T16:43:34","guid":{"rendered":"https:\/\/tveventos.tv.br\/?p=4435"},"modified":"2025-03-17T13:43:34","modified_gmt":"2025-03-17T16:43:34","slug":"expotel","status":"publish","type":"post","link":"https:\/\/tveventos.tv.br\/?p=4435","title":{"rendered":"EXPOTEL"},"content":{"rendered":"\n<p>A EXPOTEL \u2013 Feira Internacional para Hotelaria foi conceituada para aplicar um formato eficaz e econ\u00f4mico de exposi\u00e7\u00e3o, que viabilizar\u00e1 a participa\u00e7\u00e3o dos fornecedores do setor hoteleiro e afins. A VIII EXPOTEL ser\u00e1 realizada em um tradicional espa\u00e7o, localizado na valorizada regi\u00e3o da Paulista. O Centro de Conven\u00e7\u00f5es Frei Caneca est\u00e1 pr\u00f3ximo a hot\u00e9is, e re\u00fane, em um s\u00f3 lugar, infra-estrutura moderna e completa de espa\u00e7os e servi\u00e7os, tornando a visita\u00e7\u00e3o o mais confort\u00e1vel poss\u00edvel e gerando assim mais oportunidades de neg\u00f3cios.<\/p>\n\n\n\n<p>A VIII EXPOTEL ser\u00e1 realizada nos dias 01 e 02 de Abril de 2025 no Centro de Conven\u00e7\u00f5es Frei Caneca. A feira contar\u00e1 com a visita de propriet\u00e1rios e gestores de resorts, hot\u00e9is, pousadas, hostels, flats e mot\u00e9is. Ser\u00e3o 2 dias dedicados ao desenvolvimento do mercado hoteleiro.<\/p>\n\n\n\n<p>Junte-se a n\u00f3s nos dias 01 e 02 de Abril, das 10:00h \u00e0s 20:00h no Centro de Conven\u00e7\u00f5es Frei Caneca<\/p>\n\n\n\n<p>Endere\u00e7o: Rua Frei Caneca 569, S\u00e3o Paulo, SP, 01307-001<\/p>\n","protected":false},"excerpt":{"rendered":"<p>A EXPOTEL \u2013 Feira Internacional para Hotelaria foi conceituada para aplicar um formato eficaz e econ\u00f4mico de exposi\u00e7\u00e3o, que viabilizar\u00e1 a participa\u00e7\u00e3o dos fornecedores do setor hoteleiro e afins. A VIII EXPOTEL ser\u00e1 realizada em um tradicional espa\u00e7o, localizado na valorizada regi\u00e3o da Paulista. O Centro de Conven\u00e7\u00f5es Frei Caneca est\u00e1 pr\u00f3ximo a hot\u00e9is, e [&hellip;]<\/p>\n","protected":false},"author":3,"featured_media":4436,"comment_status":"open","ping_status":"open","sticky":false,"template":"","format":"standard","meta":{"footnotes":""},"categories":[25],"tags":[],"class_list":{"0":"post-4435","1":"post","2":"type-post","3":"status-publish","4":"format-standard","5":"has-post-thumbnail","7":"category-calendariodeeventos"},"_links":{"self":[{"href":"https:\/\/tveventos.tv.br\/index.php?rest_route=\/wp\/v2\/posts\/4435","targetHints":{"allow":["GET"]}}],"collection":[{"href":"https:\/\/tveventos.tv.br\/index.php?rest_route=\/wp\/v2\/posts"}],"about":[{"href":"https:\/\/tveventos.tv.br\/index.php?rest_route=\/wp\/v2\/types\/post"}],"author":[{"embeddable":true,"href":"https:\/\/tveventos.tv.br\/index.php?rest_route=\/wp\/v2\/users\/3"}],"replies":[{"embeddable":true,"href":"https:\/\/tveventos.tv.br\/index.php?rest_route=%2Fwp%2Fv2%2Fcomments&post=4435"}],"version-history":[{"count":1,"href":"https:\/\/tveventos.tv.br\/index.php?rest_route=\/wp\/v2\/posts\/4435\/revisions"}],"predecessor-version":[{"id":4437,"href":"https:\/\/tveventos.tv.br\/index.php?rest_route=\/wp\/v2\/posts\/4435\/revisions\/4437"}],"wp:featuredmedia":[{"embeddable":true,"href":"https:\/\/tveventos.tv.br\/index.php?rest_route=\/wp\/v2\/media\/4436"}],"wp:attachment":[{"href":"https:\/\/tveventos.tv.br\/index.php?rest_route=%2Fwp%2Fv2%2Fmedia&parent=4435"}],"wp:term":[{"taxonomy":"category","embeddable":true,"href":"https:\/\/tveventos.tv.br\/index.php?rest_route=%2Fwp%2Fv2%2Fcategories&post=4435"},{"taxonomy":"post_tag","embeddable":true,"href":"https:\/\/tveventos.tv.br\/index.php?rest_route=%2Fwp%2Fv2%2Ftags&post=4435"}],"curies":[{"name":"wp","href":"https:\/\/api.w.org\/{rel}","templated":true}]}}