{"id":4439,"date":"2025-03-17T13:53:29","date_gmt":"2025-03-17T16:53:29","guid":{"rendered":"https:\/\/tveventos.tv.br\/?p=4439"},"modified":"2025-03-17T13:53:30","modified_gmt":"2025-03-17T16:53:30","slug":"condo","status":"publish","type":"post","link":"https:\/\/tveventos.tv.br\/?p=4439","title":{"rendered":"CONDO+"},"content":{"rendered":"\n<p>A CONDO+ chegou para ser a refer\u00eancia para s\u00edndicos e gestores que buscam solu\u00e7\u00f5es voltadas para os problemas do condom\u00ednio. Em um \u00fanico local, pretendemos aproximar fornecedores especializados de um p\u00fablico tomador de decis\u00e3o em busca de atualiza\u00e7\u00e3o.<\/p>\n\n\n\n<p>A CONDO+ 2025 ser\u00e1 realizada nos dias 01 e 02 de Abril de 2025 no Centro de Conven\u00e7\u00f5es Frei Caneca \u2013 4\u00ba andar. A feira contar\u00e1 com a visita de s\u00edndicos, gestores e funcion\u00e1rios de condom\u00ednios residenciais, comerciais e mistos. Ser\u00e3o 2 dias dedicados ao desenvolvimento do mercado de condom\u00ednios. Os agrupamentos de unidades comerciais ou residenciais tem se acentuado dia a dia, formando condom\u00ednios que est\u00e3o se configurando como novos sistemas de conviv\u00eancia em grupos.<\/p>\n\n\n\n<p>A maior inven\u00e7\u00e3o da humanidade foram as cidades e os condom\u00ednios s\u00e3o mini-cidades dentro dos munic\u00edpios, com tend\u00eancia de amplia\u00e7\u00e3o.<\/p>\n\n\n\n<p>E os desafios est\u00e3o presentes o tempo todo, pois o uso ininterrupto dos equipamentos exige atendimentos imediatos com resultados satisfat\u00f3rios. S\u00e3o elevadores, piscinas, \u00e1reas de lazer, salas de gin\u00e1sticas, estacionamentos, \u00e1reas de servi\u00e7o, coletas seletivas, jardinagem, aterramentos, telhados, fachadas, prumadas e tantos outros itens que exigem um super administrador.<\/p>\n\n\n\n<p>Al\u00e9m dos s\u00edndicos propriet\u00e1rios eleitos, hoje temos os s\u00edndicos profissionais e at\u00e9 pessoas jur\u00eddicas sindicas, sempre com o objetivo de administrar da melhor forma poss\u00edvel.<\/p>\n\n\n\n<p>A ger\u00eancia predial profissional tem mostrado as suas grandes vantagens, com mais servi\u00e7os e menos custos, em decorr\u00eancia de mais produtividade.\u00a0A cada dia novos conhecimentos surgem, bem como novas tecnologias e assim \u00e9 obrigat\u00f3ria a participa\u00e7\u00e3o na CONDO+ 2025, para que a atualiza\u00e7\u00e3o continue a acontecer, apresentando mais solu\u00e7\u00f5es nesta dif\u00edcil arte da administra\u00e7\u00e3o condominial.<\/p>\n\n\n\n<p>Junte-se a n\u00f3s nos dias 01 e 02 de Abril, das 10:00h \u00e0s 20:00h no Centro de Conven\u00e7\u00f5es Frei Caneca<\/p>\n\n\n\n<p>Endere\u00e7o: Rua Frei Caneca 569, S\u00e3o Paulo, SP, 01307-001\u00a0<\/p>\n","protected":false},"excerpt":{"rendered":"<p>A CONDO+ chegou para ser a refer\u00eancia para s\u00edndicos e gestores que buscam solu\u00e7\u00f5es voltadas para os problemas do condom\u00ednio. Em um \u00fanico local, pretendemos aproximar fornecedores especializados de um p\u00fablico tomador de decis\u00e3o em busca de atualiza\u00e7\u00e3o. A CONDO+ 2025 ser\u00e1 realizada nos dias 01 e 02 de Abril de 2025 no Centro de [&hellip;]<\/p>\n","protected":false},"author":3,"featured_media":4440,"comment_status":"open","ping_status":"open","sticky":false,"template":"","format":"standard","meta":{"footnotes":""},"categories":[25],"tags":[],"class_list":{"0":"post-4439","1":"post","2":"type-post","3":"status-publish","4":"format-standard","5":"has-post-thumbnail","7":"category-calendariodeeventos"},"_links":{"self":[{"href":"https:\/\/tveventos.tv.br\/index.php?rest_route=\/wp\/v2\/posts\/4439","targetHints":{"allow":["GET"]}}],"collection":[{"href":"https:\/\/tveventos.tv.br\/index.php?rest_route=\/wp\/v2\/posts"}],"about":[{"href":"https:\/\/tveventos.tv.br\/index.php?rest_route=\/wp\/v2\/types\/post"}],"author":[{"embeddable":true,"href":"https:\/\/tveventos.tv.br\/index.php?rest_route=\/wp\/v2\/users\/3"}],"replies":[{"embeddable":true,"href":"https:\/\/tveventos.tv.br\/index.php?rest_route=%2Fwp%2Fv2%2Fcomments&post=4439"}],"version-history":[{"count":1,"href":"https:\/\/tveventos.tv.br\/index.php?rest_route=\/wp\/v2\/posts\/4439\/revisions"}],"predecessor-version":[{"id":4441,"href":"https:\/\/tveventos.tv.br\/index.php?rest_route=\/wp\/v2\/posts\/4439\/revisions\/4441"}],"wp:featuredmedia":[{"embeddable":true,"href":"https:\/\/tveventos.tv.br\/index.php?rest_route=\/wp\/v2\/media\/4440"}],"wp:attachment":[{"href":"https:\/\/tveventos.tv.br\/index.php?rest_route=%2Fwp%2Fv2%2Fmedia&parent=4439"}],"wp:term":[{"taxonomy":"category","embeddable":true,"href":"https:\/\/tveventos.tv.br\/index.php?rest_route=%2Fwp%2Fv2%2Fcategories&post=4439"},{"taxonomy":"post_tag","embeddable":true,"href":"https:\/\/tveventos.tv.br\/index.php?rest_route=%2Fwp%2Fv2%2Ftags&post=4439"}],"curies":[{"name":"wp","href":"https:\/\/api.w.org\/{rel}","templated":true}]}}