{"id":4445,"date":"2025-03-17T14:12:52","date_gmt":"2025-03-17T17:12:52","guid":{"rendered":"https:\/\/tveventos.tv.br\/?p=4445"},"modified":"2025-03-17T14:24:24","modified_gmt":"2025-03-17T17:24:24","slug":"congresso-internacional-de-uro-oncologia","status":"publish","type":"post","link":"https:\/\/tveventos.tv.br\/?p=4445","title":{"rendered":"CONGRESSO INTERNACIONAL DE URO-ONCOLOGIA"},"content":{"rendered":"\n<p>O Congresso Internacional de Uro-Oncologia tem como objetivo disseminar informa\u00e7\u00f5es de qualidade e compartilhar novidades relacionadas \u00e0 urologia oncol\u00f3gica do pa\u00eds.<\/p>\n\n\n\n<p>Com 15 anos de hist\u00f3ria, o evento discute a uro-oncologia em sua plenitude, olhando para as possibilidades tecnol\u00f3gicas capazes de melhorar diagn\u00f3sticos e tratamentos de tumores, bem como a trajet\u00f3ria do paciente. Para promover uma experi\u00eancia enriquecedora aos participantes, o congresso conta com especialistas nacionais e internacionais, discuss\u00f5es de casos e cursos te\u00f3ricos e pr\u00e1ticos, em sua programa\u00e7\u00e3o.<\/p>\n\n\n\n<p>Esses fatores, somados \u00e0 submiss\u00e3o de trabalhos cient\u00edficos e as inova\u00e7\u00f5es terap\u00eauticas que t\u00eam sido um dos diferenciais do evento, fazem com que o Congresso Internacional de Uro-Oncologia melhore a pr\u00e1tica e a educa\u00e7\u00e3o m\u00e9dica continuada de todos os profissionais.<\/p>\n\n\n\n<p>Junte-se a n\u00f3s nos dias 02 a 05 de Abril, das 08:00h \u00e0s 19:00h no Sheraton WTC<\/p>\n\n\n\n<p>Endere\u00e7o: Avenida das Na\u00e7\u00f5es Unidas, 12.559, Brooklin Novo &#8211; S\u00e3o Paulo\/SP<\/p>\n\n\n\n<p><\/p>\n","protected":false},"excerpt":{"rendered":"<p>O Congresso Internacional de Uro-Oncologia tem como objetivo disseminar informa\u00e7\u00f5es de qualidade e compartilhar novidades relacionadas \u00e0 urologia oncol\u00f3gica do pa\u00eds. Com 15 anos de hist\u00f3ria, o evento discute a uro-oncologia em sua plenitude, olhando para as possibilidades tecnol\u00f3gicas capazes de melhorar diagn\u00f3sticos e tratamentos de tumores, bem como a trajet\u00f3ria do paciente. Para promover [&hellip;]<\/p>\n","protected":false},"author":3,"featured_media":4446,"comment_status":"open","ping_status":"open","sticky":false,"template":"","format":"standard","meta":{"footnotes":""},"categories":[25],"tags":[],"class_list":{"0":"post-4445","1":"post","2":"type-post","3":"status-publish","4":"format-standard","5":"has-post-thumbnail","7":"category-calendariodeeventos"},"_links":{"self":[{"href":"https:\/\/tveventos.tv.br\/index.php?rest_route=\/wp\/v2\/posts\/4445","targetHints":{"allow":["GET"]}}],"collection":[{"href":"https:\/\/tveventos.tv.br\/index.php?rest_route=\/wp\/v2\/posts"}],"about":[{"href":"https:\/\/tveventos.tv.br\/index.php?rest_route=\/wp\/v2\/types\/post"}],"author":[{"embeddable":true,"href":"https:\/\/tveventos.tv.br\/index.php?rest_route=\/wp\/v2\/users\/3"}],"replies":[{"embeddable":true,"href":"https:\/\/tveventos.tv.br\/index.php?rest_route=%2Fwp%2Fv2%2Fcomments&post=4445"}],"version-history":[{"count":2,"href":"https:\/\/tveventos.tv.br\/index.php?rest_route=\/wp\/v2\/posts\/4445\/revisions"}],"predecessor-version":[{"id":4451,"href":"https:\/\/tveventos.tv.br\/index.php?rest_route=\/wp\/v2\/posts\/4445\/revisions\/4451"}],"wp:featuredmedia":[{"embeddable":true,"href":"https:\/\/tveventos.tv.br\/index.php?rest_route=\/wp\/v2\/media\/4446"}],"wp:attachment":[{"href":"https:\/\/tveventos.tv.br\/index.php?rest_route=%2Fwp%2Fv2%2Fmedia&parent=4445"}],"wp:term":[{"taxonomy":"category","embeddable":true,"href":"https:\/\/tveventos.tv.br\/index.php?rest_route=%2Fwp%2Fv2%2Fcategories&post=4445"},{"taxonomy":"post_tag","embeddable":true,"href":"https:\/\/tveventos.tv.br\/index.php?rest_route=%2Fwp%2Fv2%2Ftags&post=4445"}],"curies":[{"name":"wp","href":"https:\/\/api.w.org\/{rel}","templated":true}]}}