{"id":4448,"date":"2025-03-17T14:23:46","date_gmt":"2025-03-17T17:23:46","guid":{"rendered":"https:\/\/tveventos.tv.br\/?p=4448"},"modified":"2025-03-17T14:23:47","modified_gmt":"2025-03-17T17:23:47","slug":"sp-arte-2025","status":"publish","type":"post","link":"https:\/\/tveventos.tv.br\/?p=4448","title":{"rendered":"SP-ARTE 2025"},"content":{"rendered":"\n<p>A SP\u2013Arte nasceu em 2005 e completou, em 2024, 20 anos. Nestas duas d\u00e9cadas, desempenha um papel fundamental na profissionaliza\u00e7\u00e3o, no crescimento e na promo\u00e7\u00e3o do mercado art\u00edstico nacional. Al\u00e9m disso, estimula o surgimento de novos agentes interlocutores e impulsiona a internacionaliza\u00e7\u00e3o da arte brasileira.<\/p>\n\n\n\n<p>O evento \u00e9 realizado anualmente, durante cinco dias, no Pavilh\u00e3o da Bienal, no Parque Ibirapuera. Reuniu galerias de arte e est\u00fadios de design que trabalham com artistas contempor\u00e2neos e hist\u00f3ricos dos s\u00e9culos 20 e 21. Al\u00e9m de galerias e est\u00fadios, a SP\u2013Arte tamb\u00e9m apresenta editoras, revistas, museus, institui\u00e7\u00f5es e espa\u00e7os independentes.<\/p>\n\n\n\n<p>A feira \u00e9 acompanhada por uma programa\u00e7\u00e3o intensa de conversas, lan\u00e7amentos e a\u00e7\u00f5es educativas. No per\u00edodo pr\u00e9vio \u00e0 SP\u2013Arte e durante sua realiza\u00e7\u00e3o, acontece tamb\u00e9m o Circuito SP\u2013Arte, com aberturas de exposi\u00e7\u00f5es e eventos por toda cidade de S\u00e3o Paulo.<\/p>\n\n\n\n<p>Junte-se a n\u00f3s nos dias 02 A 06 de Abril, das 12:00h \u00e0s 20:00h no Pavilh\u00e3o da Bienal<\/p>\n\n\n\n<p>Endere\u00e7o: Av. Pedro \u00c1lvares Cabral, s\/n, port\u00e3o 3 &#8211; Parque Ibirapuera<\/p>\n","protected":false},"excerpt":{"rendered":"<p>A SP\u2013Arte nasceu em 2005 e completou, em 2024, 20 anos. Nestas duas d\u00e9cadas, desempenha um papel fundamental na profissionaliza\u00e7\u00e3o, no crescimento e na promo\u00e7\u00e3o do mercado art\u00edstico nacional. Al\u00e9m disso, estimula o surgimento de novos agentes interlocutores e impulsiona a internacionaliza\u00e7\u00e3o da arte brasileira. O evento \u00e9 realizado anualmente, durante cinco dias, no Pavilh\u00e3o [&hellip;]<\/p>\n","protected":false},"author":3,"featured_media":4449,"comment_status":"open","ping_status":"open","sticky":false,"template":"","format":"standard","meta":{"footnotes":""},"categories":[25],"tags":[],"class_list":{"0":"post-4448","1":"post","2":"type-post","3":"status-publish","4":"format-standard","5":"has-post-thumbnail","7":"category-calendariodeeventos"},"_links":{"self":[{"href":"https:\/\/tveventos.tv.br\/index.php?rest_route=\/wp\/v2\/posts\/4448","targetHints":{"allow":["GET"]}}],"collection":[{"href":"https:\/\/tveventos.tv.br\/index.php?rest_route=\/wp\/v2\/posts"}],"about":[{"href":"https:\/\/tveventos.tv.br\/index.php?rest_route=\/wp\/v2\/types\/post"}],"author":[{"embeddable":true,"href":"https:\/\/tveventos.tv.br\/index.php?rest_route=\/wp\/v2\/users\/3"}],"replies":[{"embeddable":true,"href":"https:\/\/tveventos.tv.br\/index.php?rest_route=%2Fwp%2Fv2%2Fcomments&post=4448"}],"version-history":[{"count":1,"href":"https:\/\/tveventos.tv.br\/index.php?rest_route=\/wp\/v2\/posts\/4448\/revisions"}],"predecessor-version":[{"id":4450,"href":"https:\/\/tveventos.tv.br\/index.php?rest_route=\/wp\/v2\/posts\/4448\/revisions\/4450"}],"wp:featuredmedia":[{"embeddable":true,"href":"https:\/\/tveventos.tv.br\/index.php?rest_route=\/wp\/v2\/media\/4449"}],"wp:attachment":[{"href":"https:\/\/tveventos.tv.br\/index.php?rest_route=%2Fwp%2Fv2%2Fmedia&parent=4448"}],"wp:term":[{"taxonomy":"category","embeddable":true,"href":"https:\/\/tveventos.tv.br\/index.php?rest_route=%2Fwp%2Fv2%2Fcategories&post=4448"},{"taxonomy":"post_tag","embeddable":true,"href":"https:\/\/tveventos.tv.br\/index.php?rest_route=%2Fwp%2Fv2%2Ftags&post=4448"}],"curies":[{"name":"wp","href":"https:\/\/api.w.org\/{rel}","templated":true}]}}