{"id":4452,"date":"2025-03-17T18:12:44","date_gmt":"2025-03-17T21:12:44","guid":{"rendered":"https:\/\/tveventos.tv.br\/?p=4452"},"modified":"2025-03-17T18:12:46","modified_gmt":"2025-03-17T21:12:46","slug":"td-energy-2025","status":"publish","type":"post","link":"https:\/\/tveventos.tv.br\/?p=4452","title":{"rendered":"T&amp;D ENERGY 2025"},"content":{"rendered":"\n<p>Uma iniciativa do Grupo O Setor El\u00e9trico, o T&amp;D Energy \u00e9 um evento constitu\u00eddo por congresso t\u00e9cnico e feira de neg\u00f3cios, que re\u00fane profissionais da cadeia de GTD interessados em conhecer e compartilhar as mais modernas e eficientes pr\u00e1ticas de engenharia para infraestruturas de distribui\u00e7\u00e3o e transmiss\u00e3o de energia.<\/p>\n\n\n\n<p>Em suas duas \u00faltimas edi\u00e7\u00f5es, estiveram no palco do T&amp;D Energy executivos e gestores atuantes em planejamento, engenharia, gest\u00e3o de ativos, opera\u00e7\u00e3o e manuten\u00e7\u00e3o de concession\u00e1rias de distribui\u00e7\u00e3o e transmiss\u00e3o, da ind\u00fastria, al\u00e9m de representantes de institui\u00e7\u00f5es de pesquisa, provedores de tecnologia e organiza\u00e7\u00f5es setoriais discutindo a\u00e7\u00f5es pr\u00e1ticas e tend\u00eancias alinhadas ao movimento da transi\u00e7\u00e3o energ\u00e9tica.<\/p>\n\n\n\n<p>Em 2025, o T&amp;D Energy contar\u00e1 com uma programa\u00e7\u00e3o intensa com muitas horas de conte\u00fado t\u00e9cnico e cuidadosamente selecionado sobre o futuro das redes el\u00e9tricas e das subesta\u00e7\u00f5es de energia.<\/p>\n\n\n\n<p>Um ambiente \u00fanico com os principais expoentes nacionais e internacionais discutindo o presente e o futuro da infraestrutura de rede e de subesta\u00e7\u00f5es dos segmentos de distribui\u00e7\u00e3o e de transmiss\u00e3o. Atualize-se sobre tem\u00e1ticas, como:<\/p>\n\n\n\n<ul class=\"wp-block-list\">\n<li>Novos modelos de neg\u00f3cios;<\/li>\n\n\n\n<li>Redes inteligentes de energia;<\/li>\n\n\n\n<li>Gest\u00e3o de ativos;<\/li>\n\n\n\n<li>Tecnologias de monitoramento e controle;<\/li>\n\n\n\n<li>Moderniza\u00e7\u00e3o e transforma\u00e7\u00e3o digital;<\/li>\n\n\n\n<li>Subesta\u00e7\u00f5es h\u00edbridas e compactas;<\/li>\n\n\n\n<li>Novas tecnologias para cabines prim\u00e1rias e redes MT;<\/li>\n\n\n\n<li>Integra\u00e7\u00e3o dos Recursos Energ\u00e9ticos Distribu\u00eddos.<\/li>\n<\/ul>\n\n\n\n<p>Junte-se a n\u00f3s nos dias 02 e 03 de Abril, das 08:00h \u00e0s 18:00h no Novotel S\u00e3o Paulo Center Norte<\/p>\n\n\n\n<p>Endere\u00e7o: Av. Zaki Narchi, 500 &#8211; Vila Guilherme, S\u00e3o Paulo &#8211; SP, 02029-000<\/p>\n\n\n\n<p><\/p>\n\n\n\n<p><\/p>\n","protected":false},"excerpt":{"rendered":"<p>Uma iniciativa do Grupo O Setor El\u00e9trico, o T&amp;D Energy \u00e9 um evento constitu\u00eddo por congresso t\u00e9cnico e feira de neg\u00f3cios, que re\u00fane profissionais da cadeia de GTD interessados em conhecer e compartilhar as mais modernas e eficientes pr\u00e1ticas de engenharia para infraestruturas de distribui\u00e7\u00e3o e transmiss\u00e3o de energia. Em suas duas \u00faltimas edi\u00e7\u00f5es, estiveram [&hellip;]<\/p>\n","protected":false},"author":3,"featured_media":4453,"comment_status":"open","ping_status":"open","sticky":false,"template":"","format":"standard","meta":{"footnotes":""},"categories":[25],"tags":[],"class_list":{"0":"post-4452","1":"post","2":"type-post","3":"status-publish","4":"format-standard","5":"has-post-thumbnail","7":"category-calendariodeeventos"},"_links":{"self":[{"href":"https:\/\/tveventos.tv.br\/index.php?rest_route=\/wp\/v2\/posts\/4452","targetHints":{"allow":["GET"]}}],"collection":[{"href":"https:\/\/tveventos.tv.br\/index.php?rest_route=\/wp\/v2\/posts"}],"about":[{"href":"https:\/\/tveventos.tv.br\/index.php?rest_route=\/wp\/v2\/types\/post"}],"author":[{"embeddable":true,"href":"https:\/\/tveventos.tv.br\/index.php?rest_route=\/wp\/v2\/users\/3"}],"replies":[{"embeddable":true,"href":"https:\/\/tveventos.tv.br\/index.php?rest_route=%2Fwp%2Fv2%2Fcomments&post=4452"}],"version-history":[{"count":1,"href":"https:\/\/tveventos.tv.br\/index.php?rest_route=\/wp\/v2\/posts\/4452\/revisions"}],"predecessor-version":[{"id":4454,"href":"https:\/\/tveventos.tv.br\/index.php?rest_route=\/wp\/v2\/posts\/4452\/revisions\/4454"}],"wp:featuredmedia":[{"embeddable":true,"href":"https:\/\/tveventos.tv.br\/index.php?rest_route=\/wp\/v2\/media\/4453"}],"wp:attachment":[{"href":"https:\/\/tveventos.tv.br\/index.php?rest_route=%2Fwp%2Fv2%2Fmedia&parent=4452"}],"wp:term":[{"taxonomy":"category","embeddable":true,"href":"https:\/\/tveventos.tv.br\/index.php?rest_route=%2Fwp%2Fv2%2Fcategories&post=4452"},{"taxonomy":"post_tag","embeddable":true,"href":"https:\/\/tveventos.tv.br\/index.php?rest_route=%2Fwp%2Fv2%2Ftags&post=4452"}],"curies":[{"name":"wp","href":"https:\/\/api.w.org\/{rel}","templated":true}]}}