{"id":4460,"date":"2025-03-18T11:22:09","date_gmt":"2025-03-18T14:22:09","guid":{"rendered":"https:\/\/tveventos.tv.br\/?p=4460"},"modified":"2025-03-18T11:27:12","modified_gmt":"2025-03-18T14:27:12","slug":"plastico-brasil-2025-confirma-atracoes-com-foco-em-praticas-de-inovacao-e-sustentabilidade-para-o-setor","status":"publish","type":"post","link":"https:\/\/tveventos.tv.br\/?p=4460","title":{"rendered":"Pl\u00e1stico Brasil 2025 confirma atra\u00e7\u00f5es com foco em pr\u00e1ticas de inova\u00e7\u00e3o e sustentabilidade para o setor"},"content":{"rendered":"\n<p class=\"has-text-align-center\"><em>Evento ter\u00e1 espa\u00e7os dedicados para apresenta\u00e7\u00e3o de projetos inovadores, abordagem de economia circular e reciclagem e demonstra\u00e7\u00e3o de maquin\u00e1rio<\/em>.<\/p>\n\n\n\n<p>A quarta edi\u00e7\u00e3o da Pl\u00e1stico Brasil 2025, maior feira de solu\u00e7\u00f5es para a ind\u00fastria do pl\u00e1stico da Am\u00e9rica Latina, ser\u00e1 realizada de 24 a 28 de mar\u00e7o, no S\u00e3o Paulo Expo. O evento, que \u00e9 uma iniciativa da ABIMAQ e ABIPLAST, trar\u00e1 uma s\u00e9rie de inova\u00e7\u00f5es que unem tecnologia e sustentabilidade, com destaque para novos projetos, moderniza\u00e7\u00e3o de maquin\u00e1rio, mat\u00e9rias primas, economia circular e reciclagem. Essas iniciativas ter\u00e3o ainda mais visibilidade neste encontro do setor, consolidado como o grande palco de tend\u00eancias, servi\u00e7os e produtos, apresentando solu\u00e7\u00f5es mais eficientes e ambientalmente respons\u00e1veis, promovendo impactos significativos em toda cadeia do pl\u00e1stico.<\/p>\n\n\n\n<h6 class=\"wp-block-heading\">&#8220;A Pl\u00e1stico Brasil 2025 \u00e9 um encontro de profissionais, empresas nacionais e internacionais que atuam no setor de transforma\u00e7\u00e3o do pl\u00e1stico e <\/h6>\n\n\n\n<h6 class=\"wp-block-heading\">&#8220;A Pl\u00e1stico Brasil 2025 \u00e9 um encontro de profissionais, empresas nacionais e internacionais que atuam no setor de transforma\u00e7\u00e3o do pl\u00e1stico e nosso prop\u00f3sito \u00e9 criar um ambiente prop\u00edcio para o estabelecimento de conex\u00f5es que agregam valor, bem como gerar neg\u00f3cios relevantes para impulsionar esse ecossistema. \u00c9 com essa vis\u00e3o que constru\u00edmos toda programa\u00e7\u00e3o e pensamos nas atra\u00e7\u00f5es do evento.\u201d, explica Liliane Bortoluci, diretora da Informa Markets, organizadora e promotora do evento.<\/h6>\n\n\n\n<h6 class=\"wp-block-heading\"><strong>Atra\u00e7\u00f5es com foco em inova\u00e7\u00e3o<\/strong><\/h6>\n\n\n\n<h6 class=\"wp-block-heading\">A Pl\u00e1stico Brasil 2025 contar\u00e1 com diversas atra\u00e7\u00f5es voltadas para inova\u00e7\u00e3o, proporcionando uma imers\u00e3o nas tend\u00eancias tecnol\u00f3gicas do setor. O Parque de Ideias \u00e9 um espa\u00e7o dedicado a conte\u00fados exclusivos, com palestras embasadas em pesquisas de mercado e apresenta\u00e7\u00f5es de projetos inovadores desenvolvidos por institui\u00e7\u00f5es de ensino de destaque, profissionais experientes no mercado e entidades do setor.&nbsp;<\/h6>\n\n\n\n<h6 class=\"wp-block-heading\">J\u00e1 o Workshop de Troca R\u00e1pida de Moldes demonstrar\u00e1 ao vivo o SMED &#8211; Single Minute Exchange of Die (que, em tradu\u00e7\u00e3o livre, significa Troca R\u00e1pida de Moldes), uma metodologia que reduz o tempo de setup de m\u00e1quinas injetoras para menos de 10 minutos, promovendo efici\u00eancia e automa\u00e7\u00e3o no processo produtivo.&nbsp;<\/h6>\n\n\n\n<h6 class=\"wp-block-heading\">Nesta edi\u00e7\u00e3o, na atra\u00e7\u00e3o SMED contaremos com a parceria do SENAI &#8211; Servi\u00e7o Nacional de Aprendizagem Industrial, para realizar neste espa\u00e7o o workshop T\u00e9cnicas de Troca R\u00e1pida de Moldes, envolvendo os conceitos de SMED, fornecendo um certificado de participa\u00e7\u00e3o para todos que vivenciarem essa pr\u00e1tica.<\/h6>\n\n\n\n<h6 class=\"wp-block-heading\">A Escola M\u00f3vel de Nanotecnologia (SENAI) tamb\u00e9m oferecer\u00e1 uma experi\u00eancia interativa com equipamentos cient\u00edficos de ponta, como microsc\u00f3pio eletr\u00f4nico de varredura e analisador de part\u00edculas, permitindo um contato direto com os avan\u00e7os da nanoci\u00eancia aplicados \u00e0 ind\u00fastria do pl\u00e1stico.<\/h6>\n\n\n\n<h6 class=\"wp-block-heading\"><strong>Iniciativas voltadas para ESG e Reciclagem&nbsp;<\/strong><\/h6>\n\n\n\n<h6 class=\"wp-block-heading\">Pela primeira vez, a feira ser\u00e1 palco de um projeto de Economia Circular desenvolvido pelo Instituto Sou do Pl\u00e1stico, em parceria com a Escola T\u00e9cnica Estadual (ETEC) de Mairipor\u00e3, cujo objetivo \u00e9 prolongar a vida \u00fatil do pl\u00e1stico. O projeto consiste em demonstrar um processo interativo de reciclagem que transforma tampinhas pl\u00e1sticas em novos produtos com maior valor agregado, como suportes para celulares, utilizando um moinho e uma injetora adaptados para essa opera\u00e7\u00e3o.<\/h6>\n\n\n\n<h6 class=\"wp-block-heading\">Outro destaque ser\u00e1 o Projeto Recicla Pl\u00e1stico Brasil, uma iniciativa voltada para o fortalecimento da cadeia de reciclagem, que promove a integra\u00e7\u00e3o entre empresas, organiza\u00e7\u00f5es e a sociedade. A proposta busca aumentar a circularidade do pl\u00e1stico e incentivar pr\u00e1ticas mais sustent\u00e1veis em toda a cadeia produtiva.<\/h6>\n\n\n\n<h6 class=\"wp-block-heading\">O evento tamb\u00e9m promove a iniciativa Segunda Sustent\u00e1vel, que incentiva o consumo respons\u00e1vel do pl\u00e1stico, propondo mudan\u00e7as de comportamento que visam minimizar impactos ambientais. A a\u00e7\u00e3o refor\u00e7a a import\u00e2ncia da reutiliza\u00e7\u00e3o e do descarte adequado, estimulando atitudes mais conscientes por parte de empresas e consumidores.<\/h6>\n\n\n\n<h6 class=\"wp-block-heading\">A parceria com o projeto Tampinha Legal, segue nesta edi\u00e7\u00e3o com maior presen\u00e7a na feira, promovendo a coleta para reciclagem de tampinhas pl\u00e1sticas, al\u00e9m de incentivar a conscientiza\u00e7\u00e3o ambiental por meio de apresenta\u00e7\u00f5es no Parque de ideias. O projeto destina os recursos arrecadados para causas sociais, unindo sustentabilidade e impacto positivo na comunidade.<\/h6>\n\n\n\n<h6 class=\"wp-block-heading\">Pela primeira vez realizaremos o Projeto Sacola Circular, que proporcionar\u00e1 uma experi\u00eancia educativa aos visitantes, demonstrando como o pl\u00e1stico pode ser uma solu\u00e7\u00e3o sustent\u00e1vel na fabrica\u00e7\u00e3o de sacolas recicl\u00e1veis, que tamb\u00e9m ser\u00e3o utilizadas nas a\u00e7\u00f5es com expositores da feira. A iniciativa destaca os benef\u00edcios da reciclagem e a import\u00e2ncia do uso respons\u00e1vel desse material no dia a dia.<\/h6>\n\n\n\n<h6 class=\"wp-block-heading\"><strong>Abinfer Business Center&nbsp;&nbsp;&nbsp;&nbsp;<\/strong><\/h6>\n\n\n\n<h6 class=\"wp-block-heading\">Teremos a 4\u00aa edi\u00e7\u00e3o do ABINFER BUSINESS CENTER \u2013 ABC 2025, na Pl\u00e1stico Brasil, uma a\u00e7\u00e3o que conta com a exposi\u00e7\u00e3o de ferramentarias e fornecedores da ind\u00fastria de ferramentais, proporcionando um ambiente ideal para neg\u00f3cios e troca de experi\u00eancias no setor.<br><strong><br>Servi\u00e7o<\/strong><\/h6>\n\n\n\n<h6 class=\"wp-block-heading\"><strong>Feira Pl\u00e1stico Brasil&nbsp;<br><\/strong>Data: 24 a 28 de mar\u00e7o de 2025&nbsp;<br>Local: S\u00e3o Paulo Expo &#8211; S\u00e3o Paulo, Capital&nbsp;<br>Site:&nbsp;<a href=\"https:\/\/www.plasticobrasil.com.br\/pt\/credenciamento.html\">https:\/\/www.plasticobrasil.com.br\/pt\/credenciamento.html<\/a><br><strong><br>Sobre a Pl\u00e1stico Brasil<\/strong><\/h6>\n\n\n\n<h6 class=\"wp-block-heading\">Promovida pela Informa Markets, a Feira Pl\u00e1stico Brasil \u00e9 um evento que re\u00fane tecnologias inovadoras e lan\u00e7amentos destinados aos profissionais da ind\u00fastria de transforma\u00e7\u00e3o do pl\u00e1stico. Em sua quarta edi\u00e7\u00e3o, que ser\u00e1 realizada do dia 24 a 28 de mar\u00e7o de 2025, estar\u00e3o presentes mais de mil marcas, nacionais e internacionais, das \u00e1reas da constru\u00e7\u00e3o civil, ind\u00fastrias de alimentos e bebidas, automobil\u00edstica, perfumaria, higiene e limpeza, entre outros. A Pl\u00e1stico Brasil \u00e9 uma iniciativa da Associa\u00e7\u00e3o Brasileira da Ind\u00fastria de M\u00e1quinas e Equipamentos (ABIMAQ) e da Associa\u00e7\u00e3o Brasileira da Ind\u00fastria do Pl\u00e1stico (Abiplast).<br><br><strong>Sobre a Informa Markets<\/strong><\/h6>\n\n\n\n<h6 class=\"wp-block-heading\">A Informa Markets conecta pessoas e mercados por meio de solu\u00e7\u00f5es digitais, conte\u00fado especializado, feiras de neg\u00f3cios, eventos h\u00edbridos e intelig\u00eancia de mercado, construindo uma jornada de relacionamento e neg\u00f3cios entre empresas e mercados 365 dias por ano. Presente em mais de 30 pa\u00edses, atua na Am\u00e9rica Latina h\u00e1 27 anos, com escrit\u00f3rios no Brasil e no M\u00e9xico, entregando anualmente mais de 30 eventos h\u00edbridos, 70 eventos digitais, portais de not\u00edcia e plataformas digitais de conex\u00e3o e neg\u00f3cios.<\/h6>\n\n\n\n<h6 class=\"wp-block-heading\">Para saber mais, acesse&nbsp;<a href=\"https:\/\/www.informamarkets.com.br\/\">www.informamarkets.com.br<\/a>.<\/h6>\n","protected":false},"excerpt":{"rendered":"<p>Evento ter\u00e1 espa\u00e7os dedicados para apresenta\u00e7\u00e3o de projetos inovadores, abordagem de economia circular e reciclagem e demonstra\u00e7\u00e3o de maquin\u00e1rio. A quarta edi\u00e7\u00e3o da Pl\u00e1stico Brasil 2025, maior feira de solu\u00e7\u00f5es para a ind\u00fastria do pl\u00e1stico da Am\u00e9rica Latina, ser\u00e1 realizada de 24 a 28 de mar\u00e7o, no S\u00e3o Paulo Expo. O evento, que \u00e9 uma [&hellip;]<\/p>\n","protected":false},"author":2,"featured_media":4461,"comment_status":"open","ping_status":"open","sticky":false,"template":"","format":"standard","meta":{"footnotes":""},"categories":[23],"tags":[],"class_list":{"0":"post-4460","1":"post","2":"type-post","3":"status-publish","4":"format-standard","5":"has-post-thumbnail","7":"category-feirasdenegocios"},"_links":{"self":[{"href":"https:\/\/tveventos.tv.br\/index.php?rest_route=\/wp\/v2\/posts\/4460","targetHints":{"allow":["GET"]}}],"collection":[{"href":"https:\/\/tveventos.tv.br\/index.php?rest_route=\/wp\/v2\/posts"}],"about":[{"href":"https:\/\/tveventos.tv.br\/index.php?rest_route=\/wp\/v2\/types\/post"}],"author":[{"embeddable":true,"href":"https:\/\/tveventos.tv.br\/index.php?rest_route=\/wp\/v2\/users\/2"}],"replies":[{"embeddable":true,"href":"https:\/\/tveventos.tv.br\/index.php?rest_route=%2Fwp%2Fv2%2Fcomments&post=4460"}],"version-history":[{"count":2,"href":"https:\/\/tveventos.tv.br\/index.php?rest_route=\/wp\/v2\/posts\/4460\/revisions"}],"predecessor-version":[{"id":4464,"href":"https:\/\/tveventos.tv.br\/index.php?rest_route=\/wp\/v2\/posts\/4460\/revisions\/4464"}],"wp:featuredmedia":[{"embeddable":true,"href":"https:\/\/tveventos.tv.br\/index.php?rest_route=\/wp\/v2\/media\/4461"}],"wp:attachment":[{"href":"https:\/\/tveventos.tv.br\/index.php?rest_route=%2Fwp%2Fv2%2Fmedia&parent=4460"}],"wp:term":[{"taxonomy":"category","embeddable":true,"href":"https:\/\/tveventos.tv.br\/index.php?rest_route=%2Fwp%2Fv2%2Fcategories&post=4460"},{"taxonomy":"post_tag","embeddable":true,"href":"https:\/\/tveventos.tv.br\/index.php?rest_route=%2Fwp%2Fv2%2Ftags&post=4460"}],"curies":[{"name":"wp","href":"https:\/\/api.w.org\/{rel}","templated":true}]}}