{"id":4465,"date":"2025-03-18T11:40:19","date_gmt":"2025-03-18T14:40:19","guid":{"rendered":"https:\/\/tveventos.tv.br\/?p=4465"},"modified":"2025-03-18T11:40:20","modified_gmt":"2025-03-18T14:40:20","slug":"feicon-recebe-enic-100-e-amplia-debate-sobre-o-futuro-da-construcao","status":"publish","type":"post","link":"https:\/\/tveventos.tv.br\/?p=4465","title":{"rendered":"FEICON recebe ENIC 100 e amplia debate sobre o futuro da constru\u00e7\u00e3o"},"content":{"rendered":"\n<p class=\"has-text-align-center\"><em>Evento promovido pela CBIC ter\u00e1 programa\u00e7\u00e3o focada em tend\u00eancias, tecnologia e sustentabilidade do setor e ser\u00e1 realizado dentro da Feira Internacional da Constru\u00e7\u00e3o Civil entre 8 e 11 de abril, em S\u00e3o Paulo\/SP<\/em>.<\/p>\n\n\n\n<p>Reunindo os maiores l\u00edderes e profissionais da constru\u00e7\u00e3o e do mercado imobili\u00e1rio para discutir inova\u00e7\u00f5es, tecnologias e os caminhos para o futuro do setor no Brasil e no mundo, a FEICON \u2013 Feira Internacional da Constru\u00e7\u00e3o Civil recebe o tradicional Encontro Nacional da Ind\u00fastria da Constru\u00e7\u00e3o (ENIC). Em 2025, o evento chega \u00e0 sua hist\u00f3rica 100\u00aa edi\u00e7\u00e3o com uma novidade estrat\u00e9gica: passa a se chamar Encontro Internacional da Ind\u00fastria da Constru\u00e7\u00e3o (ENIC), refor\u00e7ando sua relev\u00e2ncia global.&nbsp;<\/p>\n\n\n\n<p>Realizado pela C\u00e2mara Brasileira da Ind\u00fastria da Constru\u00e7\u00e3o (CBIC) em parceria com a RX\/FEICON e correaliza\u00e7\u00e3o do SESI e SENAI, o ENIC 100 ocorre no pavilh\u00e3o 08 do S\u00e3o Paulo Expo, durante a feira, entre os dias 8 e 11 de abril.<\/p>\n\n\n\n<p>Com quatro trilhas de conte\u00fado \u2013 inova\u00e7\u00e3o, tecnologia, sustentabilidade e internacional \u2013, o Encontro debater\u00e1 as principais tend\u00eancias do setor, incluindo transforma\u00e7\u00e3o digital, descarboniza\u00e7\u00e3o e solu\u00e7\u00f5es sustent\u00e1veis. O evento desafiar\u00e1 empresas e profissionais a desenvolverem estrat\u00e9gias inovadoras para dar passos novos na moderniza\u00e7\u00e3o da constru\u00e7\u00e3o, com o fortalecimento de seu ecossistema.<\/p>\n\n\n\n<p>\u201c\u00c9 de suma import\u00e2ncia ter na FEICON um evento t\u00e3o relevante para o setor como o ENIC, que contribui com a gera\u00e7\u00e3o de conhecimento, networking, al\u00e9m de apontar as tend\u00eancias aos profissionais que visitam a feira. \u00c9 um alinhamento estrat\u00e9gico de oportunidade, que agrega muito valor na experi\u00eancia dos participantes\u201d, afirma Ivan Rom\u00e3o, diretor da Feira Internacional da Constru\u00e7\u00e3o Civil.&nbsp;<\/p>\n\n\n\n<p><strong>Refer\u00eancia para o setor<\/strong><\/p>\n\n\n\n<p>O ENIC 100 tamb\u00e9m contar\u00e1 com a participa\u00e7\u00e3o de autoridades, especialistas e empres\u00e1rios, al\u00e9m de hubs tem\u00e1ticos patrocinados por grandes marcas, como Saint-Gobain, Sebrae Nacional e M\u00fatua.<\/p>\n\n\n\n<p>\u201cEstamos chegando ao ENIC 100, um marco emblem\u00e1tico na trajet\u00f3ria da CBIC e desse evento, o mais longevo e tradicional do setor, que serve de refer\u00eancia e b\u00fassola para a moderniza\u00e7\u00e3o continuada e est\u00edmulo \u00e0 uma vis\u00e3o estrat\u00e9gica da nossa ind\u00fastria\u201d, destaca Renato Correia, presidente da CBIC.<\/p>\n\n\n\n<p>Segundo ele, em 2025, o Encontro refor\u00e7a sua abordagem internacional, ampliando o espa\u00e7o dedicado \u00e0 troca de experi\u00eancias e dissemina\u00e7\u00e3o de solu\u00e7\u00f5es e boas pr\u00e1ticas com resultados positivos em mercados desenvolvidos ao redor do mundo.&nbsp;<\/p>\n\n\n\n<p>\u201cO ENIC assume um car\u00e1ter internacional, sem perder a relev\u00e2ncia no trato dos temas da agenda estrat\u00e9gica no Brasil, aglutinando especialistas e tomadores de decis\u00e3o do poder p\u00fablico em uma programa\u00e7\u00e3o de alto n\u00edvel\u201d, explica Correia. \u201cAl\u00e9m disso, estaremos mais um ano com a FEICON, repetindo a experi\u00eancia produtiva de unir o mais importante evento t\u00e9cnico do pa\u00eds \u00e0 uma das feiras mais relevantes do setor. \u00c9 uma oportunidade imperd\u00edvel para todos os profissionais da nossa ind\u00fastria, do empres\u00e1rio tomador de decis\u00f5es aos demais integrantes desse grande ecossistema\u201d, conclui.<\/p>\n\n\n\n<p><strong>Credenciamento<\/strong><\/p>\n\n\n\n<p>O credenciamento para a FEICON 2025 est\u00e1 aberto. On-line e gratuito, ele \u00e9 v\u00e1lido para&nbsp;<a href=\"https:\/\/na.eventscloud.com\/ereg\/newreg.php?eventid=820979&amp;categoryid=5525160&amp;_gl=1*8ys4nh*_ga*MTIwODI2Njg3LjE3MjYwODMzNzg.*_ga_8YR3216FZP*MTczNjc3MzU4OS45NS4xLjE3MzY3ODAwNTAuMC4wLjA.\" target=\"_blank\" rel=\"noreferrer noopener\">visitantes<\/a>,<a href=\"https:\/\/na.eventscloud.com\/ereg\/newreg.php?eventid=820979&amp;categoryid=5525163&amp;_gl=1*1v8tqjx*_ga*MTIwODI2Njg3LjE3MjYwODMzNzg.*_ga_8YR3216FZP*MTczNjc3MzU4OS45NS4xLjE3MzY3ODAwMTguMC4wLjA\" target=\"_blank\" rel=\"noreferrer noopener\">&nbsp;imprensa<\/a>&nbsp;e<a href=\"https:\/\/na.eventscloud.com\/ereg\/newreg.php?eventid=820979&amp;categoryid=5525151&amp;_gl=1*1evkofk*_ga*MTIwODI2Njg3LjE3MjYwODMzNzg.*_ga_8YR3216FZP*MTczNjc3MzU4OS45NS4xLjE3MzY3ODAwMzYuMC4wLjA\" target=\"_blank\" rel=\"noreferrer noopener\">&nbsp;assessorias<\/a>&nbsp;e pode ser feito por meio do<a href=\"https:\/\/www.feicon.com.br\/\" target=\"_blank\" rel=\"noreferrer noopener\">&nbsp;site<\/a>.&nbsp;J\u00e1 o credenciamento para o ENIC 100 pode ser feito por meio do&nbsp;<a href=\"https:\/\/cbic.org.br\/enic\/100\/\" target=\"_blank\" rel=\"noreferrer noopener\">site<\/a>.<\/p>\n\n\n\n<p><strong>Sobre a FEICON<\/strong><\/p>\n\n\n\n<p>Com 29 edi\u00e7\u00f5es, a FEICON \u00e9 o principal evento voltado para os mercados de constru\u00e7\u00e3o civil e arquitetura na Am\u00e9rica Latina, reconhecido como o ambiente perfeito para atualiza\u00e7\u00e3o, vis\u00e3o estrat\u00e9gica, inova\u00e7\u00e3o e contato direto com os principais players da constru\u00e7\u00e3o civil e arquitetura. Para mais informa\u00e7\u00f5es acesse:&nbsp;<a href=\"https:\/\/www.feicon.com.br\/\" target=\"_blank\" rel=\"noreferrer noopener\">Link<\/a>&nbsp;<\/p>\n\n\n\n<p><strong>RX<\/strong><\/p>\n\n\n\n<p>A&nbsp;<a href=\"https:\/\/www.rxglobal.com\/rx-brazil\" target=\"_blank\" rel=\"noreferrer noopener\">RX<\/a>&nbsp;oferece oportunidades de conex\u00e3o e desenvolvimento de neg\u00f3cios para indiv\u00edduos, comunidades e organiza\u00e7\u00f5es. Utilizando o poder dos eventos presenciais e combinando-os com dados e produtos digitais, a&nbsp;<a href=\"https:\/\/www.rxglobal.com\/rx-brazil\" target=\"_blank\" rel=\"noreferrer noopener\">RX<\/a>&nbsp;conecta pessoas por meio de experi\u00eancias e oportunidades comerciais em mais de 350 eventos realizados anualmente em 25 pa\u00edses, abrangendo 42 setores econ\u00f4micos diferentes. Dedicada a gerar impactos positivos na sociedade, a empresa est\u00e1 comprometida com a cria\u00e7\u00e3o de um ambiente de trabalho inclusivo para todos. A&nbsp;<a href=\"https:\/\/www.rxglobal.com\/rx-brazil\" target=\"_blank\" rel=\"noreferrer noopener\">RX<\/a>&nbsp;\u00e9 uma divis\u00e3o da RELX, um provedor global de an\u00e1lises e ferramentas de decis\u00e3o baseadas em informa\u00e7\u00f5es para profissionais e clientes corporativos.<\/p>\n\n\n\n<p><a href=\"https:\/\/www.rxglobal.com\/rx-brazil\" target=\"_blank\" rel=\"noreferrer noopener\">RX<\/a><strong>&nbsp;\u2013 In the business of building businesses<\/strong><\/p>\n\n\n\n<p><a href=\"https:\/\/www.rxglobal.com\/rx-brazil\" target=\"_blank\" rel=\"noreferrer noopener\">www.rxglobal.com\/rx-brazil<\/a><\/p>\n\n\n\n<p><strong>RELX<\/strong><\/p>\n\n\n\n<p>A RELX \u00e9 uma provedora global de ferramentas de an\u00e1lise e decis\u00e3o baseadas em informa\u00e7\u00f5es, atendendo clientes profissionais e empresariais em mais de 180 pa\u00edses, com escrit\u00f3rios em aproximadamente 40 pa\u00edses. Empregando mais de 36.000 pessoas, mais de 40% delas na Am\u00e9rica do Norte, a RELX se destaca no mercado global. As a\u00e7\u00f5es da RELX PLC, empresa controladora, s\u00e3o negociadas nas Bolsas de Valores de Londres, Amsterd\u00e3 e Nova York, sob os s\u00edmbolos: Londres: REL; Amsterd\u00e3: REN; Nova York: RELX.<\/p>\n\n\n\n<p>*Nota: A capitaliza\u00e7\u00e3o de mercado atual pode ser encontrada no&nbsp;<a href=\"https:\/\/www.relx.com\/investors\" target=\"_blank\" rel=\"noreferrer noopener\">Link<\/a><\/p>\n","protected":false},"excerpt":{"rendered":"<p>Evento promovido pela CBIC ter\u00e1 programa\u00e7\u00e3o focada em tend\u00eancias, tecnologia e sustentabilidade do setor e ser\u00e1 realizado dentro da Feira Internacional da Constru\u00e7\u00e3o Civil entre 8 e 11 de abril, em S\u00e3o Paulo\/SP. Reunindo os maiores l\u00edderes e profissionais da constru\u00e7\u00e3o e do mercado imobili\u00e1rio para discutir inova\u00e7\u00f5es, tecnologias e os caminhos para o futuro [&hellip;]<\/p>\n","protected":false},"author":2,"featured_media":4466,"comment_status":"open","ping_status":"open","sticky":false,"template":"","format":"standard","meta":{"footnotes":""},"categories":[1],"tags":[],"class_list":{"0":"post-4465","1":"post","2":"type-post","3":"status-publish","4":"format-standard","5":"has-post-thumbnail","7":"category-workshopsepalestras"},"_links":{"self":[{"href":"https:\/\/tveventos.tv.br\/index.php?rest_route=\/wp\/v2\/posts\/4465","targetHints":{"allow":["GET"]}}],"collection":[{"href":"https:\/\/tveventos.tv.br\/index.php?rest_route=\/wp\/v2\/posts"}],"about":[{"href":"https:\/\/tveventos.tv.br\/index.php?rest_route=\/wp\/v2\/types\/post"}],"author":[{"embeddable":true,"href":"https:\/\/tveventos.tv.br\/index.php?rest_route=\/wp\/v2\/users\/2"}],"replies":[{"embeddable":true,"href":"https:\/\/tveventos.tv.br\/index.php?rest_route=%2Fwp%2Fv2%2Fcomments&post=4465"}],"version-history":[{"count":1,"href":"https:\/\/tveventos.tv.br\/index.php?rest_route=\/wp\/v2\/posts\/4465\/revisions"}],"predecessor-version":[{"id":4467,"href":"https:\/\/tveventos.tv.br\/index.php?rest_route=\/wp\/v2\/posts\/4465\/revisions\/4467"}],"wp:featuredmedia":[{"embeddable":true,"href":"https:\/\/tveventos.tv.br\/index.php?rest_route=\/wp\/v2\/media\/4466"}],"wp:attachment":[{"href":"https:\/\/tveventos.tv.br\/index.php?rest_route=%2Fwp%2Fv2%2Fmedia&parent=4465"}],"wp:term":[{"taxonomy":"category","embeddable":true,"href":"https:\/\/tveventos.tv.br\/index.php?rest_route=%2Fwp%2Fv2%2Fcategories&post=4465"},{"taxonomy":"post_tag","embeddable":true,"href":"https:\/\/tveventos.tv.br\/index.php?rest_route=%2Fwp%2Fv2%2Ftags&post=4465"}],"curies":[{"name":"wp","href":"https:\/\/api.w.org\/{rel}","templated":true}]}}