{"id":4471,"date":"2025-03-18T13:22:21","date_gmt":"2025-03-18T16:22:21","guid":{"rendered":"https:\/\/tveventos.tv.br\/?p=4471"},"modified":"2025-03-18T13:22:22","modified_gmt":"2025-03-18T16:22:22","slug":"salao-do-estudante","status":"publish","type":"post","link":"https:\/\/tveventos.tv.br\/?p=4471","title":{"rendered":"SAL\u00c3O DO ESTUDANTE"},"content":{"rendered":"\n<p>Em abril, o Sal\u00e3o do Estudante, maior evento de educa\u00e7\u00e3o internacional da Am\u00e9rica Latina, realizar\u00e1 edi\u00e7\u00f5es em S\u00e3o Paulo, Rio de Janeiro, Bras\u00edlia, Salvador, Recife e Macei\u00f3. O evento faz parte de uma s\u00e9rie internacional organizada pela BMI\/Times Higher Education, tamb\u00e9m respons\u00e1vel pelo renomado World University Rankings.<\/p>\n\n\n\n<p>O Sal\u00e3o do Estudante oferece oportunidades para diversos p\u00fablicos, abrangendo desde cursos de idiomas e ensino m\u00e9dio at\u00e9 programas de gradua\u00e7\u00e3o, p\u00f3s-gradua\u00e7\u00e3o, mestrado, doutorado e cursos t\u00e9cnicos em v\u00e1rias \u00e1reas. As op\u00e7\u00f5es atendem a diferentes perfis, or\u00e7amentos e faixas et\u00e1rias.<\/p>\n\n\n\n<p>Um dos destaques desta edi\u00e7\u00e3o \u00e9 Portugal, que ganha espa\u00e7o entre os brasileiros pela facilidade da l\u00edngua e pela possibilidade de utilizar o ENEM para ingresso em algumas universidades. O pa\u00eds europeu ser\u00e1 representado por 30 institui\u00e7\u00f5es, entre elas a Universidade de Coimbra, Universidade de Lisboa e Universidade do Porto, entre outras.<\/p>\n\n\n\n<p>Os Estados Unidos, outro destino muito procurado pelos brasileiros, estar\u00e3o presentes com 15 faculdades. O EducationUSA, \u00f3rg\u00e3o oficial que auxilia estudantes internacionais que querem estudar no pa\u00eds, tamb\u00e9m participar\u00e1 do evento, oferecendo orienta\u00e7\u00f5es sobre o processo de admiss\u00e3o e de obten\u00e7\u00e3o do visto americano.&nbsp;<\/p>\n\n\n\n<p>Dentre as institui\u00e7\u00f5es presentes, destacam-se algumas das mais renomadas do mundo, como a Zhejiang University da China e a University of Glasgow do Reino Unido, que est\u00e3o no top 100 do ranking das melhores universidades do mundo pela THE \u2013 Times Higher Education.<\/p>\n\n\n\n<p>Outra vantagem \u00e9 a presen\u00e7a de organiza\u00e7\u00f5es governamentais renomadas, como o Education in Ireland, EducationUSA, AUSTRADE (Austr\u00e1lia), Erasmus (Portugal) e Campus France, que estar\u00e3o dispon\u00edveis para fornecer informa\u00e7\u00f5es e orienta\u00e7\u00e3o aos participantes.&nbsp;<\/p>\n\n\n\n<p>O Sal\u00e3o do Estudante contar\u00e1 com representantes de institui\u00e7\u00f5es da Austr\u00e1lia, Canad\u00e1, China, Estados Unidos, Fran\u00e7a, Holanda, Hungria, It\u00e1lia, Irlanda, Portugal e Reino Unido.<\/p>\n\n\n\n<p>Junte-se a n\u00f3s nos dias 05 e 06 de Abril, das 14:00h \u00e0s 18:30h no Centro de Conven\u00e7\u00f5es Frei Caneca<\/p>\n\n\n\n<p>Endere\u00e7o: Rua Frei Caneca 569, S\u00e3o Paulo, SP, 01307-001<\/p>\n\n\n\n<p><\/p>\n","protected":false},"excerpt":{"rendered":"<p>Em abril, o Sal\u00e3o do Estudante, maior evento de educa\u00e7\u00e3o internacional da Am\u00e9rica Latina, realizar\u00e1 edi\u00e7\u00f5es em S\u00e3o Paulo, Rio de Janeiro, Bras\u00edlia, Salvador, Recife e Macei\u00f3. O evento faz parte de uma s\u00e9rie internacional organizada pela BMI\/Times Higher Education, tamb\u00e9m respons\u00e1vel pelo renomado World University Rankings. O Sal\u00e3o do Estudante oferece oportunidades para diversos [&hellip;]<\/p>\n","protected":false},"author":3,"featured_media":4472,"comment_status":"open","ping_status":"open","sticky":false,"template":"","format":"standard","meta":{"footnotes":""},"categories":[25],"tags":[],"class_list":{"0":"post-4471","1":"post","2":"type-post","3":"status-publish","4":"format-standard","5":"has-post-thumbnail","7":"category-calendariodeeventos"},"_links":{"self":[{"href":"https:\/\/tveventos.tv.br\/index.php?rest_route=\/wp\/v2\/posts\/4471","targetHints":{"allow":["GET"]}}],"collection":[{"href":"https:\/\/tveventos.tv.br\/index.php?rest_route=\/wp\/v2\/posts"}],"about":[{"href":"https:\/\/tveventos.tv.br\/index.php?rest_route=\/wp\/v2\/types\/post"}],"author":[{"embeddable":true,"href":"https:\/\/tveventos.tv.br\/index.php?rest_route=\/wp\/v2\/users\/3"}],"replies":[{"embeddable":true,"href":"https:\/\/tveventos.tv.br\/index.php?rest_route=%2Fwp%2Fv2%2Fcomments&post=4471"}],"version-history":[{"count":1,"href":"https:\/\/tveventos.tv.br\/index.php?rest_route=\/wp\/v2\/posts\/4471\/revisions"}],"predecessor-version":[{"id":4473,"href":"https:\/\/tveventos.tv.br\/index.php?rest_route=\/wp\/v2\/posts\/4471\/revisions\/4473"}],"wp:featuredmedia":[{"embeddable":true,"href":"https:\/\/tveventos.tv.br\/index.php?rest_route=\/wp\/v2\/media\/4472"}],"wp:attachment":[{"href":"https:\/\/tveventos.tv.br\/index.php?rest_route=%2Fwp%2Fv2%2Fmedia&parent=4471"}],"wp:term":[{"taxonomy":"category","embeddable":true,"href":"https:\/\/tveventos.tv.br\/index.php?rest_route=%2Fwp%2Fv2%2Fcategories&post=4471"},{"taxonomy":"post_tag","embeddable":true,"href":"https:\/\/tveventos.tv.br\/index.php?rest_route=%2Fwp%2Fv2%2Ftags&post=4471"}],"curies":[{"name":"wp","href":"https:\/\/api.w.org\/{rel}","templated":true}]}}