{"id":4478,"date":"2025-03-18T14:16:10","date_gmt":"2025-03-18T17:16:10","guid":{"rendered":"https:\/\/tveventos.tv.br\/?p=4478"},"modified":"2025-03-18T14:16:12","modified_gmt":"2025-03-18T17:16:12","slug":"anuga-select-brazil-2","status":"publish","type":"post","link":"https:\/\/tveventos.tv.br\/?p=4478","title":{"rendered":"ANUGA SELECT BRAZIL"},"content":{"rendered":"\n<p>Um nome que \u00e9 heran\u00e7a de sua feira m\u00e3e, a maior feira de Alimentos e Bebidas do mundo, que acontece na Alemanha, e vem apenas para refor\u00e7ar o compromisso de entregar um servi\u00e7o de qualidade.<\/p>\n\n\n\n<p>Em sua 5\u00ba edi\u00e7\u00e3o tra\u00e7a o caminho para um sistema alimentar sustent\u00e1vel e justo, reunindo a maior comunidade nacional e internacional da ind\u00fastria. Focado 100% no setor \u00e9 o principal gerador de neg\u00f3cios e a mais completa vitrine de lan\u00e7amentos de produtos para o varejo, rede food service, alimenta\u00e7\u00e3o fora do lar e hotelaria.<\/p>\n\n\n\n<p>O evento ser\u00e1 dividido em 8 setores: Agrifoods, Dairy, Drinks &amp; Hot Beverages, Fine Foods, Food Service, Food, Organic e Sweets &amp; Snacks.\u00a0Onde mais de 330 expositores de toda a cadeia produtiva, desde fabricantes de alimentos e bebidas, de alimentos frescos e in natura, importadores, exportadores, distribuidores, equipamentos e servi\u00e7os para food service apresentam as novidades e facilities dos setores, al\u00e9m de, mais de 90 horas de conte\u00fados com palestras e workshops.<\/p>\n\n\n\n<p>Veja o que ir\u00e1 encontrar em cada setor:<\/p>\n\n\n\n<ul class=\"wp-block-list\">\n<li>Agrifoods \u2013 Produtos frescos, in natura, materias-primas;<\/li>\n\n\n\n<li>Dairy \u2013 Produtos derivados do leite;<\/li>\n\n\n\n<li>Drinks &amp; Hot Beverages\u00a0 \u2013 Bebidas em geral, alco\u00f3licas e n\u00e3o alco\u00f3licas, refrigerantes, sucos, \u00e1gua, caf\u00e9 e ch\u00e1s;<\/li>\n\n\n\n<li>Fine Foods \u2013 Gourmet, delicatessen e provis\u00f5es gerais;<\/li>\n\n\n\n<li>Food Service \u2013 Culin\u00e1ria, tecnologia, equipamentos e servi\u00e7os para Food Service;<\/li>\n\n\n\n<li>Food \u2013 Alimentos em geral;<\/li>\n\n\n\n<li>Organic \u2013 Alimentos org\u00e2nicos no geral: in-natura ou minimamente processados;<\/li>\n\n\n\n<li>Sweets &amp; Snacks \u2013 Chocolate, confeitaria, biscoitos e snacks.<\/li>\n<\/ul>\n\n\n\n<p>Junte-se a n\u00f3s nos dias 08 a 10 de Abril, das 10:00h \u00e0s 19:00h no Distrito Anhembi<\/p>\n\n\n\n<p>Endere\u00e7o: Avenida Olavo Fontoura, N\u00b0 1. 209\/Santana, S\u00e3o Paulo, SP, 02012-021<br><\/p>\n\n\n\n<p><\/p>\n","protected":false},"excerpt":{"rendered":"<p>Um nome que \u00e9 heran\u00e7a de sua feira m\u00e3e, a maior feira de Alimentos e Bebidas do mundo, que acontece na Alemanha, e vem apenas para refor\u00e7ar o compromisso de entregar um servi\u00e7o de qualidade. Em sua 5\u00ba edi\u00e7\u00e3o tra\u00e7a o caminho para um sistema alimentar sustent\u00e1vel e justo, reunindo a maior comunidade nacional e [&hellip;]<\/p>\n","protected":false},"author":3,"featured_media":4479,"comment_status":"open","ping_status":"open","sticky":false,"template":"","format":"standard","meta":{"footnotes":""},"categories":[25],"tags":[],"class_list":{"0":"post-4478","1":"post","2":"type-post","3":"status-publish","4":"format-standard","5":"has-post-thumbnail","7":"category-calendariodeeventos"},"_links":{"self":[{"href":"https:\/\/tveventos.tv.br\/index.php?rest_route=\/wp\/v2\/posts\/4478","targetHints":{"allow":["GET"]}}],"collection":[{"href":"https:\/\/tveventos.tv.br\/index.php?rest_route=\/wp\/v2\/posts"}],"about":[{"href":"https:\/\/tveventos.tv.br\/index.php?rest_route=\/wp\/v2\/types\/post"}],"author":[{"embeddable":true,"href":"https:\/\/tveventos.tv.br\/index.php?rest_route=\/wp\/v2\/users\/3"}],"replies":[{"embeddable":true,"href":"https:\/\/tveventos.tv.br\/index.php?rest_route=%2Fwp%2Fv2%2Fcomments&post=4478"}],"version-history":[{"count":1,"href":"https:\/\/tveventos.tv.br\/index.php?rest_route=\/wp\/v2\/posts\/4478\/revisions"}],"predecessor-version":[{"id":4480,"href":"https:\/\/tveventos.tv.br\/index.php?rest_route=\/wp\/v2\/posts\/4478\/revisions\/4480"}],"wp:featuredmedia":[{"embeddable":true,"href":"https:\/\/tveventos.tv.br\/index.php?rest_route=\/wp\/v2\/media\/4479"}],"wp:attachment":[{"href":"https:\/\/tveventos.tv.br\/index.php?rest_route=%2Fwp%2Fv2%2Fmedia&parent=4478"}],"wp:term":[{"taxonomy":"category","embeddable":true,"href":"https:\/\/tveventos.tv.br\/index.php?rest_route=%2Fwp%2Fv2%2Fcategories&post=4478"},{"taxonomy":"post_tag","embeddable":true,"href":"https:\/\/tveventos.tv.br\/index.php?rest_route=%2Fwp%2Fv2%2Ftags&post=4478"}],"curies":[{"name":"wp","href":"https:\/\/api.w.org\/{rel}","templated":true}]}}