{"id":4484,"date":"2025-03-18T15:37:26","date_gmt":"2025-03-18T18:37:26","guid":{"rendered":"https:\/\/tveventos.tv.br\/?p=4484"},"modified":"2025-03-18T15:37:27","modified_gmt":"2025-03-18T18:37:27","slug":"expo-optica-2","status":"publish","type":"post","link":"https:\/\/tveventos.tv.br\/?p=4484","title":{"rendered":"EXPO \u00d3PTICA"},"content":{"rendered":"\n<p>A Expo \u00d3ptica ir\u00e1 para mais uma edi\u00e7\u00e3o consolidada como o maior evento do setor \u00f3ptico na Am\u00e9rica Latina. A feira surgiu em 2003 com nome de Expo Abi\u00f3ptica e integra o circuito internacional de eventos do setor, ao lado da MIDO (Mil\u00e3o), Expo Vision (Las Vegas), Silmo (Paris) e Optical Fair (Hong Kong).<\/p>\n\n\n\n<p>A Abi\u00f3ptica promove e realiza a Expo \u00d3ptica atraindo as maiores marcas mundiais que disputam a prefer\u00eancia do consumidor brasileiro. A Expo \u00d3ptica cumpre seu papel como p\u00f3lo de realiza\u00e7\u00e3o de neg\u00f3cios.<\/p>\n\n\n\n<p>O encontro anual cria o ambiente prop\u00edcio para os principais representantes da \u00f3ptica mundial apresentarem aos profissionais do mercado toda a gama de novidades, inova\u00e7\u00f5es e tend\u00eancias.<\/p>\n\n\n\n<p>A cada evento, a Abi\u00f3ptica promove discuss\u00f5es e palestras para trazer mais informa\u00e7\u00f5es aos executivos das empresas do setor. Os temas abordam todas as facetas do mercado: moda, economia, sa\u00fade, tecnologia e comportamento.<\/p>\n\n\n\n<p>A Expo \u00d3ptica \u00e9 o maior p\u00f3lo gerador de neg\u00f3cios da ind\u00fastria \u00f3ptica no Brasil. Os balan\u00e7os mostram crescimento constante nas vendas de produtos e servi\u00e7os, mostrando a for\u00e7a do evento presencial como propulsor dos neg\u00f3cios do setor.<\/p>\n\n\n\n<p>Junte-se a n\u00f3s nos dias 09 a 12 de Abril, dia 9,10,11 das 13h \u00e0s 21h e dia 12 das 13h \u00e0s 18h no Expo Center Norte<\/p>\n\n\n\n<p>Endere\u00e7o: Rua Jos\u00e9 Bernardo Pinto 333, S\u00e3o Paulo, SP, 02055-000<\/p>\n\n\n\n<p><\/p>\n","protected":false},"excerpt":{"rendered":"<p>A Expo \u00d3ptica ir\u00e1 para mais uma edi\u00e7\u00e3o consolidada como o maior evento do setor \u00f3ptico na Am\u00e9rica Latina. A feira surgiu em 2003 com nome de Expo Abi\u00f3ptica e integra o circuito internacional de eventos do setor, ao lado da MIDO (Mil\u00e3o), Expo Vision (Las Vegas), Silmo (Paris) e Optical Fair (Hong Kong). A [&hellip;]<\/p>\n","protected":false},"author":3,"featured_media":4485,"comment_status":"open","ping_status":"open","sticky":false,"template":"","format":"standard","meta":{"footnotes":""},"categories":[25],"tags":[],"class_list":{"0":"post-4484","1":"post","2":"type-post","3":"status-publish","4":"format-standard","5":"has-post-thumbnail","7":"category-calendariodeeventos"},"_links":{"self":[{"href":"https:\/\/tveventos.tv.br\/index.php?rest_route=\/wp\/v2\/posts\/4484","targetHints":{"allow":["GET"]}}],"collection":[{"href":"https:\/\/tveventos.tv.br\/index.php?rest_route=\/wp\/v2\/posts"}],"about":[{"href":"https:\/\/tveventos.tv.br\/index.php?rest_route=\/wp\/v2\/types\/post"}],"author":[{"embeddable":true,"href":"https:\/\/tveventos.tv.br\/index.php?rest_route=\/wp\/v2\/users\/3"}],"replies":[{"embeddable":true,"href":"https:\/\/tveventos.tv.br\/index.php?rest_route=%2Fwp%2Fv2%2Fcomments&post=4484"}],"version-history":[{"count":1,"href":"https:\/\/tveventos.tv.br\/index.php?rest_route=\/wp\/v2\/posts\/4484\/revisions"}],"predecessor-version":[{"id":4486,"href":"https:\/\/tveventos.tv.br\/index.php?rest_route=\/wp\/v2\/posts\/4484\/revisions\/4486"}],"wp:featuredmedia":[{"embeddable":true,"href":"https:\/\/tveventos.tv.br\/index.php?rest_route=\/wp\/v2\/media\/4485"}],"wp:attachment":[{"href":"https:\/\/tveventos.tv.br\/index.php?rest_route=%2Fwp%2Fv2%2Fmedia&parent=4484"}],"wp:term":[{"taxonomy":"category","embeddable":true,"href":"https:\/\/tveventos.tv.br\/index.php?rest_route=%2Fwp%2Fv2%2Fcategories&post=4484"},{"taxonomy":"post_tag","embeddable":true,"href":"https:\/\/tveventos.tv.br\/index.php?rest_route=%2Fwp%2Fv2%2Ftags&post=4484"}],"curies":[{"name":"wp","href":"https:\/\/api.w.org\/{rel}","templated":true}]}}