{"id":4487,"date":"2025-03-18T16:04:25","date_gmt":"2025-03-18T19:04:25","guid":{"rendered":"https:\/\/tveventos.tv.br\/?p=4487"},"modified":"2025-03-18T16:05:34","modified_gmt":"2025-03-18T19:05:34","slug":"private-label-brazil","status":"publish","type":"post","link":"https:\/\/tveventos.tv.br\/?p=4487","title":{"rendered":"PRIVATE LABEL BRAZIL"},"content":{"rendered":"\n<p>A PRIVATE LABEL BRAZIL chega \u00e0 sua 8\u00aa Edi\u00e7\u00e3o Nacional, realizada em S\u00e3o Paulo, reafirmando o seu pioneirismo e independ\u00eancia, totalmente focada no desenvolvimento do setor de marcas pr\u00f3prias e terceiriza\u00e7\u00e3o.<\/p>\n\n\n\n<p>A feira oferece \u00e0s empresas de diferentes segmentos um espa\u00e7o para conhecer potenciais parceiros, discutir tend\u00eancias e oportunidade de expandir servi\u00e7os, estimulando investimentos para o desenvolvimento do segmento no Brasil.<\/p>\n\n\n\n<p>Durante os dois dias de evento, expositores e visitantes encontram um ambiente prop\u00edcio para conhecimento m\u00fatuo, estreitamento de rela\u00e7\u00f5es, discuss\u00e3o de parcerias&nbsp; e a realiza\u00e7\u00e3o de neg\u00f3cios, principalmente nas \u00e1reas de alimentos, bebidas, higiene pessoal e limpeza, pet, f\u00e1rmacos e cosm\u00e9ticos, entre outras.<\/p>\n\n\n\n<p>Al\u00e9m da \u00e1rea de exposi\u00e7\u00e3o, a Private Label Brazil conta com um espa\u00e7o de palestras (desta vez realizado em conjunto com a feira parceira ANUGA SELECT BRAZIL), dedicado \u00e0 atualiza\u00e7\u00e3o acerca do panorama e das tend\u00eancias do setor.<\/p>\n\n\n\n<p>Junte-se a n\u00f3s nos dias 09 e 10 de Abril, das 13:00h \u00e0s 19:00h no Pro Magno Centro de Eventos<\/p>\n\n\n\n<p>Endere\u00e7o: Avenida Professora Ida Kolb 513, S\u00e3o Paulo, S\u00e3o Paulo, 02518-000<\/p>\n","protected":false},"excerpt":{"rendered":"<p>A PRIVATE LABEL BRAZIL chega \u00e0 sua 8\u00aa Edi\u00e7\u00e3o Nacional, realizada em S\u00e3o Paulo, reafirmando o seu pioneirismo e independ\u00eancia, totalmente focada no desenvolvimento do setor de marcas pr\u00f3prias e terceiriza\u00e7\u00e3o. A feira oferece \u00e0s empresas de diferentes segmentos um espa\u00e7o para conhecer potenciais parceiros, discutir tend\u00eancias e oportunidade de expandir servi\u00e7os, estimulando investimentos para [&hellip;]<\/p>\n","protected":false},"author":3,"featured_media":4490,"comment_status":"open","ping_status":"open","sticky":false,"template":"","format":"standard","meta":{"footnotes":""},"categories":[25],"tags":[],"class_list":{"0":"post-4487","1":"post","2":"type-post","3":"status-publish","4":"format-standard","5":"has-post-thumbnail","7":"category-calendariodeeventos"},"_links":{"self":[{"href":"https:\/\/tveventos.tv.br\/index.php?rest_route=\/wp\/v2\/posts\/4487","targetHints":{"allow":["GET"]}}],"collection":[{"href":"https:\/\/tveventos.tv.br\/index.php?rest_route=\/wp\/v2\/posts"}],"about":[{"href":"https:\/\/tveventos.tv.br\/index.php?rest_route=\/wp\/v2\/types\/post"}],"author":[{"embeddable":true,"href":"https:\/\/tveventos.tv.br\/index.php?rest_route=\/wp\/v2\/users\/3"}],"replies":[{"embeddable":true,"href":"https:\/\/tveventos.tv.br\/index.php?rest_route=%2Fwp%2Fv2%2Fcomments&post=4487"}],"version-history":[{"count":1,"href":"https:\/\/tveventos.tv.br\/index.php?rest_route=\/wp\/v2\/posts\/4487\/revisions"}],"predecessor-version":[{"id":4489,"href":"https:\/\/tveventos.tv.br\/index.php?rest_route=\/wp\/v2\/posts\/4487\/revisions\/4489"}],"wp:featuredmedia":[{"embeddable":true,"href":"https:\/\/tveventos.tv.br\/index.php?rest_route=\/wp\/v2\/media\/4490"}],"wp:attachment":[{"href":"https:\/\/tveventos.tv.br\/index.php?rest_route=%2Fwp%2Fv2%2Fmedia&parent=4487"}],"wp:term":[{"taxonomy":"category","embeddable":true,"href":"https:\/\/tveventos.tv.br\/index.php?rest_route=%2Fwp%2Fv2%2Fcategories&post=4487"},{"taxonomy":"post_tag","embeddable":true,"href":"https:\/\/tveventos.tv.br\/index.php?rest_route=%2Fwp%2Fv2%2Ftags&post=4487"}],"curies":[{"name":"wp","href":"https:\/\/api.w.org\/{rel}","templated":true}]}}