{"id":4491,"date":"2025-03-18T17:15:58","date_gmt":"2025-03-18T20:15:58","guid":{"rendered":"https:\/\/tveventos.tv.br\/?p=4491"},"modified":"2025-03-18T17:15:59","modified_gmt":"2025-03-18T20:15:59","slug":"brasil-cio-it-leaders-summit","status":"publish","type":"post","link":"https:\/\/tveventos.tv.br\/?p=4491","title":{"rendered":"BRASIL CIO &amp; IT LEADERS SUMMIT"},"content":{"rendered":"\n<p>O Brasil CIO &amp; IT Leaders Summit 2025 re\u00fane l\u00edderes, executivos e profissionais do setor de TI para explorar as oportunidades e os desafios relacionados \u00e0 tecnologia e \u00e0 gest\u00e3o da informa\u00e7\u00e3o em um cen\u00e1rio tecnol\u00f3gico em constante evolu\u00e7\u00e3o.<\/p>\n\n\n\n<p>Apresentando casos de sucesso e uma profunda expertise em tecnologia da informa\u00e7\u00e3o em sess\u00f5es de discuss\u00e3o sobre intelig\u00eancia artificial, automa\u00e7\u00e3o, ciberseguran\u00e7a, e desenvolvimento de talentos em um ambiente digital.<\/p>\n\n\n\n<p>Participe para descobrir as tend\u00eancias mais recentes e inovadoras que est\u00e3o moldando o futuro da TI no Brasil, aprendendo a implementar solu\u00e7\u00f5es tecnol\u00f3gicas avan\u00e7adas e estrat\u00e9gias de lideran\u00e7a eficazes.<\/p>\n\n\n\n<p>Junte-se a n\u00f3s no dia 10 de Abril, das 09:00h \u00e0s 19:00h no GT House<\/p>\n\n\n\n<p>Endere\u00e7o: Av. Professor Fonseca Rodrigues, 835, S\u00e3o Paulo, Brasil \u2013 SP<\/p>\n\n\n\n<p><br><\/p>\n","protected":false},"excerpt":{"rendered":"<p>O Brasil CIO &amp; IT Leaders Summit 2025 re\u00fane l\u00edderes, executivos e profissionais do setor de TI para explorar as oportunidades e os desafios relacionados \u00e0 tecnologia e \u00e0 gest\u00e3o da informa\u00e7\u00e3o em um cen\u00e1rio tecnol\u00f3gico em constante evolu\u00e7\u00e3o. Apresentando casos de sucesso e uma profunda expertise em tecnologia da informa\u00e7\u00e3o em sess\u00f5es de discuss\u00e3o [&hellip;]<\/p>\n","protected":false},"author":3,"featured_media":4492,"comment_status":"open","ping_status":"open","sticky":false,"template":"","format":"standard","meta":{"footnotes":""},"categories":[1],"tags":[],"class_list":{"0":"post-4491","1":"post","2":"type-post","3":"status-publish","4":"format-standard","5":"has-post-thumbnail","7":"category-workshopsepalestras"},"_links":{"self":[{"href":"https:\/\/tveventos.tv.br\/index.php?rest_route=\/wp\/v2\/posts\/4491","targetHints":{"allow":["GET"]}}],"collection":[{"href":"https:\/\/tveventos.tv.br\/index.php?rest_route=\/wp\/v2\/posts"}],"about":[{"href":"https:\/\/tveventos.tv.br\/index.php?rest_route=\/wp\/v2\/types\/post"}],"author":[{"embeddable":true,"href":"https:\/\/tveventos.tv.br\/index.php?rest_route=\/wp\/v2\/users\/3"}],"replies":[{"embeddable":true,"href":"https:\/\/tveventos.tv.br\/index.php?rest_route=%2Fwp%2Fv2%2Fcomments&post=4491"}],"version-history":[{"count":1,"href":"https:\/\/tveventos.tv.br\/index.php?rest_route=\/wp\/v2\/posts\/4491\/revisions"}],"predecessor-version":[{"id":4493,"href":"https:\/\/tveventos.tv.br\/index.php?rest_route=\/wp\/v2\/posts\/4491\/revisions\/4493"}],"wp:featuredmedia":[{"embeddable":true,"href":"https:\/\/tveventos.tv.br\/index.php?rest_route=\/wp\/v2\/media\/4492"}],"wp:attachment":[{"href":"https:\/\/tveventos.tv.br\/index.php?rest_route=%2Fwp%2Fv2%2Fmedia&parent=4491"}],"wp:term":[{"taxonomy":"category","embeddable":true,"href":"https:\/\/tveventos.tv.br\/index.php?rest_route=%2Fwp%2Fv2%2Fcategories&post=4491"},{"taxonomy":"post_tag","embeddable":true,"href":"https:\/\/tveventos.tv.br\/index.php?rest_route=%2Fwp%2Fv2%2Ftags&post=4491"}],"curies":[{"name":"wp","href":"https:\/\/api.w.org\/{rel}","templated":true}]}}