{"id":4494,"date":"2025-03-18T18:01:05","date_gmt":"2025-03-18T21:01:05","guid":{"rendered":"https:\/\/tveventos.tv.br\/?p=4494"},"modified":"2025-03-18T18:01:52","modified_gmt":"2025-03-18T21:01:52","slug":"estetica-in-sp","status":"publish","type":"post","link":"https:\/\/tveventos.tv.br\/?p=4494","title":{"rendered":"EST\u00c9TICA IN SP"},"content":{"rendered":"\n<p>O evento reunir\u00e1 profissionais, estudantes e investidores do segmento de EST\u00c9TICA, BELEZA e BEM ESTAR, com o objetivo de reciclagem de conhecimentos. As mais conceituadas marcas de produtos e servi\u00e7os se far\u00e3o presentes, apresentando seus lan\u00e7amentos e tend\u00eancias mercadol\u00f3gicas. Os mais renomados experts do setor, estar\u00e3o reunidos apresentando congressos, simp\u00f3sios e cursos aos interessados.<\/p>\n\n\n\n<p>Destaques do Evento:<\/p>\n\n\n\n<ol class=\"wp-block-list\">\n<li>Congressos e Palestras:\n<ul class=\"wp-block-list\">\n<li>Sess\u00f5es com renomados especialistas abordando t\u00f3picos como novas tecnologias, tratamentos faciais e corporais, e tend\u00eancias em cosm\u00e9ticos e est\u00e9tica.<\/li>\n\n\n\n<li>Palestrantes confirmados incluem figuras influentes como Dr. Eduardo Sucupira, especialista em cirurgia pl\u00e1stica, e Dr. Mariana Nogueira, dermatologista reconhecida internacionalmente.<\/li>\n<\/ul>\n<\/li>\n\n\n\n<li>Workshops Pr\u00e1ticos:\n<ul class=\"wp-block-list\">\n<li>Sess\u00f5es hands-on com demonstra\u00e7\u00f5es de procedimentos est\u00e9ticos inovadores.<\/li>\n\n\n\n<li>Oportunidade de aprender novas t\u00e9cnicas e aprimorar habilidades pr\u00e1ticas.<\/li>\n<\/ul>\n<\/li>\n\n\n\n<li>Exposi\u00e7\u00f5es de Marcas e Produtos:\n<ul class=\"wp-block-list\">\n<li>Mais de 250 marcas expositoras apresentando produtos e tecnologias de ponta na \u00e1rea de est\u00e9tica e bem-estar.<\/li>\n\n\n\n<li>Espa\u00e7os dedicados a lan\u00e7amentos de produtos, permitindo aos participantes conhecer e experimentar as novidades em primeira m\u00e3o.<\/li>\n<\/ul>\n<\/li>\n\n\n\n<li>Networking:\n<ul class=\"wp-block-list\">\n<li>Encontre e conecte-se com profissionais da ind\u00fastria, desde esteticistas e dermatologistas at\u00e9 investidores e empreendedores.<\/li>\n\n\n\n<li>Rodadas de neg\u00f3cio para fomentar parcerias e colabora\u00e7\u00f5es estrat\u00e9gicas.<\/li>\n<\/ul>\n<\/li>\n\n\n\n<li>Experi\u00eancias Exclusivas:\n<ul class=\"wp-block-list\">\n<li>Salas VIP e sess\u00f5es exclusivas para participantes premium, oferecendo uma experi\u00eancia personalizada e mais profunda no evento.<\/li>\n<\/ul>\n<\/li>\n<\/ol>\n\n\n\n<p>O Est\u00e9tica IN 2025 \u00e9 uma excelente oportunidade para profissionais do setor se atualizarem sobre as principais inova\u00e7\u00f5es e tend\u00eancias. N\u00e3o perca essa chance de expandir seus conhecimentos, habilidades e rede de contatos. Seja voc\u00ea um profissional experiente ou um estudante em in\u00edcio de carreira, o Est\u00e9tica IN tem algo valioso a oferecer.<\/p>\n\n\n\n<p>Junte-se a n\u00f3s nos dias 12 a 14 de Abril, das 10:00h \u00e0s 20:00h no Distrito Anhembi<\/p>\n\n\n\n<p>Endere\u00e7o: Avenida Olavo Fontoura, N\u00b0 1. 209\/Santana, S\u00e3o Paulo, SP, 02012-021<\/p>\n\n\n\n<p><\/p>\n","protected":false},"excerpt":{"rendered":"<p>O evento reunir\u00e1 profissionais, estudantes e investidores do segmento de EST\u00c9TICA, BELEZA e BEM ESTAR, com o objetivo de reciclagem de conhecimentos. As mais conceituadas marcas de produtos e servi\u00e7os se far\u00e3o presentes, apresentando seus lan\u00e7amentos e tend\u00eancias mercadol\u00f3gicas. Os mais renomados experts do setor, estar\u00e3o reunidos apresentando congressos, simp\u00f3sios e cursos aos interessados. Destaques [&hellip;]<\/p>\n","protected":false},"author":3,"featured_media":4495,"comment_status":"open","ping_status":"open","sticky":false,"template":"","format":"standard","meta":{"footnotes":""},"categories":[25],"tags":[],"class_list":{"0":"post-4494","1":"post","2":"type-post","3":"status-publish","4":"format-standard","5":"has-post-thumbnail","7":"category-calendariodeeventos"},"_links":{"self":[{"href":"https:\/\/tveventos.tv.br\/index.php?rest_route=\/wp\/v2\/posts\/4494","targetHints":{"allow":["GET"]}}],"collection":[{"href":"https:\/\/tveventos.tv.br\/index.php?rest_route=\/wp\/v2\/posts"}],"about":[{"href":"https:\/\/tveventos.tv.br\/index.php?rest_route=\/wp\/v2\/types\/post"}],"author":[{"embeddable":true,"href":"https:\/\/tveventos.tv.br\/index.php?rest_route=\/wp\/v2\/users\/3"}],"replies":[{"embeddable":true,"href":"https:\/\/tveventos.tv.br\/index.php?rest_route=%2Fwp%2Fv2%2Fcomments&post=4494"}],"version-history":[{"count":1,"href":"https:\/\/tveventos.tv.br\/index.php?rest_route=\/wp\/v2\/posts\/4494\/revisions"}],"predecessor-version":[{"id":4496,"href":"https:\/\/tveventos.tv.br\/index.php?rest_route=\/wp\/v2\/posts\/4494\/revisions\/4496"}],"wp:featuredmedia":[{"embeddable":true,"href":"https:\/\/tveventos.tv.br\/index.php?rest_route=\/wp\/v2\/media\/4495"}],"wp:attachment":[{"href":"https:\/\/tveventos.tv.br\/index.php?rest_route=%2Fwp%2Fv2%2Fmedia&parent=4494"}],"wp:term":[{"taxonomy":"category","embeddable":true,"href":"https:\/\/tveventos.tv.br\/index.php?rest_route=%2Fwp%2Fv2%2Fcategories&post=4494"},{"taxonomy":"post_tag","embeddable":true,"href":"https:\/\/tveventos.tv.br\/index.php?rest_route=%2Fwp%2Fv2%2Ftags&post=4494"}],"curies":[{"name":"wp","href":"https:\/\/api.w.org\/{rel}","templated":true}]}}