{"id":4502,"date":"2025-03-19T17:46:33","date_gmt":"2025-03-19T20:46:33","guid":{"rendered":"https:\/\/tveventos.tv.br\/?p=4502"},"modified":"2025-03-19T17:46:34","modified_gmt":"2025-03-19T20:46:34","slug":"hair-summit-2025","status":"publish","type":"post","link":"https:\/\/tveventos.tv.br\/?p=4502","title":{"rendered":"HAIR SUMMIT 2025"},"content":{"rendered":"\n<p>O Hair Summit \u00e9 uma feira e congresso de beleza com 8.000 m\u00b2 de \u00e1rea de exposi\u00e7\u00e3o e mais de 30 mil cabeleireiros e empreendedores reunidos em uma imers\u00e3o nacional e internacional. As principais marcas profissionais estar\u00e3o presentes, apresentando inova\u00e7\u00f5es e tend\u00eancias que v\u00e3o definir o futuro do setor.<\/p>\n\n\n\n<p>\u00c9 um evento destinado exclusivamente para cabeleireiros e gestores de sal\u00e3o de beleza. O evento busca fortalecer os neg\u00f3cios das marcas que se dedicam e est\u00e3o presentes nesses espa\u00e7os.&nbsp;<\/p>\n\n\n\n<p>Al\u00e9m de explorar estandes e conhecer os l\u00edderes de mercado, voc\u00ea poder\u00e1 participar de congressos, workshops, encontros e cursos exclusivos que fornecer\u00e3o o conhecimento e as ferramentas para impulsionar sua carreira. \u00c9 o evento ideal para quem busca inspira\u00e7\u00e3o e novas oportunidades de neg\u00f3cios.<\/p>\n\n\n\n<p>Junte-se a n\u00f3s nos dias 06 a 08 de Abril, das 10:00h \u00e0s 20:00h no Expo Center Norte<\/p>\n\n\n\n<p>Endere\u00e7o: Rua Jos\u00e9 Bernardo Pinto 333, S\u00e3o Paulo, SP, 02055-000<\/p>\n\n\n\n<p><\/p>\n","protected":false},"excerpt":{"rendered":"<p>O Hair Summit \u00e9 uma feira e congresso de beleza com 8.000 m\u00b2 de \u00e1rea de exposi\u00e7\u00e3o e mais de 30 mil cabeleireiros e empreendedores reunidos em uma imers\u00e3o nacional e internacional. As principais marcas profissionais estar\u00e3o presentes, apresentando inova\u00e7\u00f5es e tend\u00eancias que v\u00e3o definir o futuro do setor. \u00c9 um evento destinado exclusivamente para [&hellip;]<\/p>\n","protected":false},"author":3,"featured_media":4503,"comment_status":"open","ping_status":"open","sticky":false,"template":"","format":"standard","meta":{"footnotes":""},"categories":[25],"tags":[],"class_list":{"0":"post-4502","1":"post","2":"type-post","3":"status-publish","4":"format-standard","5":"has-post-thumbnail","7":"category-calendariodeeventos"},"_links":{"self":[{"href":"https:\/\/tveventos.tv.br\/index.php?rest_route=\/wp\/v2\/posts\/4502","targetHints":{"allow":["GET"]}}],"collection":[{"href":"https:\/\/tveventos.tv.br\/index.php?rest_route=\/wp\/v2\/posts"}],"about":[{"href":"https:\/\/tveventos.tv.br\/index.php?rest_route=\/wp\/v2\/types\/post"}],"author":[{"embeddable":true,"href":"https:\/\/tveventos.tv.br\/index.php?rest_route=\/wp\/v2\/users\/3"}],"replies":[{"embeddable":true,"href":"https:\/\/tveventos.tv.br\/index.php?rest_route=%2Fwp%2Fv2%2Fcomments&post=4502"}],"version-history":[{"count":1,"href":"https:\/\/tveventos.tv.br\/index.php?rest_route=\/wp\/v2\/posts\/4502\/revisions"}],"predecessor-version":[{"id":4504,"href":"https:\/\/tveventos.tv.br\/index.php?rest_route=\/wp\/v2\/posts\/4502\/revisions\/4504"}],"wp:featuredmedia":[{"embeddable":true,"href":"https:\/\/tveventos.tv.br\/index.php?rest_route=\/wp\/v2\/media\/4503"}],"wp:attachment":[{"href":"https:\/\/tveventos.tv.br\/index.php?rest_route=%2Fwp%2Fv2%2Fmedia&parent=4502"}],"wp:term":[{"taxonomy":"category","embeddable":true,"href":"https:\/\/tveventos.tv.br\/index.php?rest_route=%2Fwp%2Fv2%2Fcategories&post=4502"},{"taxonomy":"post_tag","embeddable":true,"href":"https:\/\/tveventos.tv.br\/index.php?rest_route=%2Fwp%2Fv2%2Ftags&post=4502"}],"curies":[{"name":"wp","href":"https:\/\/api.w.org\/{rel}","templated":true}]}}