{"id":4511,"date":"2025-03-20T14:32:08","date_gmt":"2025-03-20T17:32:08","guid":{"rendered":"https:\/\/tveventos.tv.br\/?p=4511"},"modified":"2025-03-20T14:32:09","modified_gmt":"2025-03-20T17:32:09","slug":"47a-abav-travel-sp","status":"publish","type":"post","link":"https:\/\/tveventos.tv.br\/?p=4511","title":{"rendered":"47\u00aa ABAV TRAVEL SP"},"content":{"rendered":"\n<p>A Abav-SP l Aviesp \u00e9 uma associa\u00e7\u00e3o privada sem fins lucrativos, com foco em oportunidades de neg\u00f3cios, atualiza\u00e7\u00e3o, capacita\u00e7\u00e3o e networking. Representamos o primeiro e o segundo polo emissivo de turistas da Am\u00e9rica Latina e o maior ticket m\u00e9dio do Brasil.<\/p>\n\n\n\n<p>Somos a Associa\u00e7\u00e3o Brasileira de Ag\u00eancias de Viagens de S\u00e3o Paulo (Abav-SP | Aviesp), que realizou sua primeira reuni\u00e3o em 02 de Setembro de 1959, leg\u00edtima defensora dos direitos dos agentes de viagens paulistas. Exercemos o papel de porta-voz das reivindica\u00e7\u00f5es da categoria nos mais representativos foram governamentais brasileiros e internacionais.<\/p>\n\n\n\n<p>A 47\u00aa Abav TravelSP se manter\u00e1 em Campinas, no Royal Palm Hall. Desde a edi\u00e7\u00e3o de 2022, com a unifica\u00e7\u00e3o das associa\u00e7\u00f5es, o nome Aviesp Expo foi alterado, por\u00e9m manteve-se os agentes de viagens como os protagonistas do evento conhecido por todos do setor de turismo.<\/p>\n\n\n\n<p>A primeira feira Aviesp Expo aconteceu em 06 de outubro de 1984 na cidade de S\u00e3o Jos\u00e9 do Rio Preto. Em 01 de Novembro de 2021 nos unificamos com a Associa\u00e7\u00e3o das Ag\u00eancias de Viagens do Interior do Estado de S\u00e3o Paulo (Aviesp), aumentando o n\u00famero de associados e nossa representatividade no Estado. Formamos, juntas, o maior polo emissivo de turistas do Pa\u00eds.<\/p>\n\n\n\n<p>Junte-se a n\u00f3s nos dias 09 e 10 de Abril, das 14:00h \u00e0s 19:00h no Royal Palm Hall Campinas<\/p>\n\n\n\n<p>Endere\u00e7o: Rua Mns Lu\u00eds Fernandes de Abreu, 311 &#8211; Jardim do Lago Continuacao, Campinas &#8211; SP, 13051-093<\/p>\n\n\n\n<p><\/p>\n","protected":false},"excerpt":{"rendered":"<p>A Abav-SP l Aviesp \u00e9 uma associa\u00e7\u00e3o privada sem fins lucrativos, com foco em oportunidades de neg\u00f3cios, atualiza\u00e7\u00e3o, capacita\u00e7\u00e3o e networking. Representamos o primeiro e o segundo polo emissivo de turistas da Am\u00e9rica Latina e o maior ticket m\u00e9dio do Brasil. Somos a Associa\u00e7\u00e3o Brasileira de Ag\u00eancias de Viagens de S\u00e3o Paulo (Abav-SP | Aviesp), [&hellip;]<\/p>\n","protected":false},"author":3,"featured_media":4512,"comment_status":"open","ping_status":"open","sticky":false,"template":"","format":"standard","meta":{"footnotes":""},"categories":[25],"tags":[],"class_list":{"0":"post-4511","1":"post","2":"type-post","3":"status-publish","4":"format-standard","5":"has-post-thumbnail","7":"category-calendariodeeventos"},"_links":{"self":[{"href":"https:\/\/tveventos.tv.br\/index.php?rest_route=\/wp\/v2\/posts\/4511","targetHints":{"allow":["GET"]}}],"collection":[{"href":"https:\/\/tveventos.tv.br\/index.php?rest_route=\/wp\/v2\/posts"}],"about":[{"href":"https:\/\/tveventos.tv.br\/index.php?rest_route=\/wp\/v2\/types\/post"}],"author":[{"embeddable":true,"href":"https:\/\/tveventos.tv.br\/index.php?rest_route=\/wp\/v2\/users\/3"}],"replies":[{"embeddable":true,"href":"https:\/\/tveventos.tv.br\/index.php?rest_route=%2Fwp%2Fv2%2Fcomments&post=4511"}],"version-history":[{"count":1,"href":"https:\/\/tveventos.tv.br\/index.php?rest_route=\/wp\/v2\/posts\/4511\/revisions"}],"predecessor-version":[{"id":4513,"href":"https:\/\/tveventos.tv.br\/index.php?rest_route=\/wp\/v2\/posts\/4511\/revisions\/4513"}],"wp:featuredmedia":[{"embeddable":true,"href":"https:\/\/tveventos.tv.br\/index.php?rest_route=\/wp\/v2\/media\/4512"}],"wp:attachment":[{"href":"https:\/\/tveventos.tv.br\/index.php?rest_route=%2Fwp%2Fv2%2Fmedia&parent=4511"}],"wp:term":[{"taxonomy":"category","embeddable":true,"href":"https:\/\/tveventos.tv.br\/index.php?rest_route=%2Fwp%2Fv2%2Fcategories&post=4511"},{"taxonomy":"post_tag","embeddable":true,"href":"https:\/\/tveventos.tv.br\/index.php?rest_route=%2Fwp%2Fv2%2Ftags&post=4511"}],"curies":[{"name":"wp","href":"https:\/\/api.w.org\/{rel}","templated":true}]}}