{"id":4514,"date":"2025-03-24T10:43:33","date_gmt":"2025-03-24T13:43:33","guid":{"rendered":"https:\/\/tveventos.tv.br\/?p=4514"},"modified":"2025-03-24T10:43:34","modified_gmt":"2025-03-24T13:43:34","slug":"feicon-ocorre-de-8-a-11-de-abril-no-sao-paulo-expo","status":"publish","type":"post","link":"https:\/\/tveventos.tv.br\/?p=4514","title":{"rendered":"FEICON ocorre de 8 a 11 de abril no S\u00e3o Paulo Expo"},"content":{"rendered":"\n<p><em>A 29\u00aa edi\u00e7\u00e3o ser\u00e1 realizada entre os dias 8 e 11 de abril, em S\u00e3o Paulo, e promete ser a maior e mais completa da hist\u00f3ria. Mais de 100 mil visitantes de 70 pa\u00edses s\u00e3o aguardados<\/em><\/p>\n\n\n\n<p>Uma das l\u00edderes mundiais na organiza\u00e7\u00e3o de feiras de neg\u00f3cios, a RX possui um portf\u00f3lio de 350 eventos presenciais e on-line em 25 pa\u00edses, abrangendo 42 setores econ\u00f4micos. No Brasil, a empresa est\u00e1 presente h\u00e1 mais de 60 anos, sendo a FEICON &#8211; Feira Internacional da Constru\u00e7\u00e3o Civil \u2013 a primeira do calend\u00e1rio de atividades de 2025.<\/p>\n\n\n\n<p>No ciclo de feiras dos \u00faltimos dois anos, a RX Brasil recebeu mais de 1,3 milh\u00e3o de visitantes e reuniu mais de 8 mil marcas expositoras. Esses n\u00fameros refletem a capacidade da RX em conectar neg\u00f3cios e gerar oportunidades para empresas e profissionais. Prova disso \u00e9 que foram gerados mais de 2,1 milh\u00f5es de leads (contatos de neg\u00f3cios) para os expositores durante os eventos.<\/p>\n\n\n\n<p>Cl\u00e1udio Della Nina, diretor geral da RX para a Am\u00e9rica Latina, destaca o compromisso da empresa em estabelecer parcerias que resultem em projetos de sucesso, impulsionando o crescimento cont\u00ednuo das empresas e de seus clientes.<\/p>\n\n\n\n<p>\u201cA FEICON abre o calend\u00e1rio de feiras de neg\u00f3cios da RX no Brasil com uma grande expectativa de sucesso, gera\u00e7\u00e3o de neg\u00f3cios e crescimento. Nosso objetivo \u00e9 sempre oferecer um ambiente prop\u00edcio para que os profissionais possam se conectar, trocar experi\u00eancias e explorar as \u00faltimas novidades do setor\u201d, diz Della Nina.<\/p>\n\n\n\n<p><strong>Edi\u00e7\u00e3o hist\u00f3rica<\/strong><\/p>\n\n\n\n<p>Em 2025, a FEICON ser\u00e1 realizada de 8 a 11 de abril no SP Expo, em S\u00e3o Paulo, e promete ser a maior e mais completa edi\u00e7\u00e3o da hist\u00f3ria do evento. Organizada em parceria com institui\u00e7\u00f5es que s\u00e3o refer\u00eancia no setor, como Anamaco, CBIC, Inovatech, Sincomavi e Abramat, a feira contar\u00e1 com a participa\u00e7\u00e3o de mais de mil marcas dos segmentos de acabamentos, instala\u00e7\u00f5es, estrutura e externos. A expectativa \u00e9 de que cerca de 100 mil visitantes &#8211; incluindo compradores de 70 pa\u00edses &#8211; passem pelos estandes, criando um ambiente din\u00e2mico de neg\u00f3cios.<\/p>\n\n\n\n<p>Uma das principais novidades ser\u00e1 a Feiconference, a 1\u00aa Confer\u00eancia Internacional de Constru\u00e7\u00e3o e Arquitetura, que reunir\u00e1 especialistas e profissionais para discutir as tend\u00eancias e inova\u00e7\u00f5es que est\u00e3o moldando o futuro do setor. Al\u00e9m disso, o evento contar\u00e1 com aproximadamente 200 horas de conte\u00fado, em formato de palestras e workshops, voltados para a capacita\u00e7\u00e3o e o desenvolvimento t\u00e9cnico dos profissionais da \u00e1rea.<\/p>\n\n\n\n<p>\u201cA 29\u00aa FEICON trar\u00e1 muitas inova\u00e7\u00f5es, lan\u00e7amentos e oportunidades de networking e neg\u00f3cios. Com isso, esperamos n\u00e3o apenas superar as expectativas do p\u00fablico e expositores, mas tamb\u00e9m fortalecer o papel da feira como um ponto de encontro essencial para todos os profissionais da constru\u00e7\u00e3o e arquitetura\u201d, afirma Ivan Rom\u00e3o, diretor da feira.<\/p>\n\n\n\n<p><strong>Credenciamento<\/strong><\/p>\n\n\n\n<p>O credenciamento para a FEICON 2025 j\u00e1 est\u00e1 aberto. On-line e gratuito, ele \u00e9 v\u00e1lido para&nbsp;<a href=\"https:\/\/na.eventscloud.com\/ereg\/newreg.php?eventid=820979&amp;categoryid=5525160&amp;_gl=1*8ys4nh*_ga*MTIwODI2Njg3LjE3MjYwODMzNzg.*_ga_8YR3216FZP*MTczNjc3MzU4OS45NS4xLjE3MzY3ODAwNTAuMC4wLjA.\">visitantes<\/a>,<a href=\"https:\/\/na.eventscloud.com\/ereg\/newreg.php?eventid=820979&amp;categoryid=5525163&amp;_gl=1*1v8tqjx*_ga*MTIwODI2Njg3LjE3MjYwODMzNzg.*_ga_8YR3216FZP*MTczNjc3MzU4OS45NS4xLjE3MzY3ODAwMTguMC4wLjA\">&nbsp;<\/a><a href=\"https:\/\/na.eventscloud.com\/ereg\/newreg.php?eventid=820979&amp;categoryid=5525163&amp;_gl=1*1v8tqjx*_ga*MTIwODI2Njg3LjE3MjYwODMzNzg.*_ga_8YR3216FZP*MTczNjc3MzU4OS45NS4xLjE3MzY3ODAwMTguMC4wLjA\">imprensa<\/a>&nbsp;e<a href=\"https:\/\/na.eventscloud.com\/ereg\/newreg.php?eventid=820979&amp;categoryid=5525151&amp;_gl=1*1evkofk*_ga*MTIwODI2Njg3LjE3MjYwODMzNzg.*_ga_8YR3216FZP*MTczNjc3MzU4OS45NS4xLjE3MzY3ODAwMzYuMC4wLjA\">&nbsp;<\/a><a href=\"https:\/\/na.eventscloud.com\/ereg\/newreg.php?eventid=820979&amp;categoryid=5525151&amp;_gl=1*1evkofk*_ga*MTIwODI2Njg3LjE3MjYwODMzNzg.*_ga_8YR3216FZP*MTczNjc3MzU4OS45NS4xLjE3MzY3ODAwMzYuMC4wLjA\">assessorias<\/a>&nbsp;e pode ser feito por meio do<a href=\"https:\/\/www.feicon.com.br\/\">&nbsp;<\/a><a href=\"https:\/\/www.feicon.com.br\/\">site<\/a>.<\/p>\n\n\n\n<p><strong>Sobre a FEICON<\/strong><\/p>\n\n\n\n<p>Com 29 edi\u00e7\u00f5es, a FEICON \u00e9 o principal evento voltado para os mercados de constru\u00e7\u00e3o civil e arquitetura na Am\u00e9rica Latina, reconhecido como o ambiente perfeito para atualiza\u00e7\u00e3o, vis\u00e3o estrat\u00e9gica, inova\u00e7\u00e3o e contato direto com os principais players da constru\u00e7\u00e3o civil e arquitetura. Para mais informa\u00e7\u00f5es acesse:&nbsp;<a href=\"https:\/\/www.feicon.com.br\/\">https:\/\/www.feicon.com.br<\/a><\/p>\n\n\n\n<p><strong>RX<\/strong><\/p>\n\n\n\n<p>A&nbsp;<a href=\"http:\/\/www.rxglobal.com\/rx-brazil\">RX<\/a>&nbsp;oferece oportunidades de conex\u00e3o e desenvolvimento de neg\u00f3cios para indiv\u00edduos, comunidades e organiza\u00e7\u00f5es. Utilizando o poder dos eventos presenciais e combinando-os com dados e produtos digitais, a&nbsp;<a href=\"http:\/\/www.rxglobal.com\/rx-brazil\">RX<\/a>&nbsp;conecta pessoas por meio de experi\u00eancias e oportunidades comerciais em mais de 350 eventos realizados anualmente em 25 pa\u00edses, abrangendo 42 setores econ\u00f4micos diferentes. Dedicada a gerar impactos positivos na sociedade, a empresa est\u00e1 comprometida com a cria\u00e7\u00e3o de um ambiente de trabalho inclusivo para todos. A&nbsp;<a href=\"http:\/\/www.rxglobal.com\/rx-brazil\">RX<\/a>&nbsp;\u00e9 uma divis\u00e3o da RELX, um provedor global de an\u00e1lises e ferramentas de decis\u00e3o baseadas em informa\u00e7\u00f5es para profissionais e clientes corporativos.<\/p>\n\n\n\n<p><a href=\"http:\/\/www.rxglobal.com\/rx-brazil\"><strong>RX<\/strong><\/a><strong>&nbsp;\u2013 In the business of building businesses<\/strong><\/p>\n\n\n\n<p><a href=\"http:\/\/www.rxglobal.com\/rx-brazil\">www.rxglobal.com\/rx-brazil<\/a><\/p>\n","protected":false},"excerpt":{"rendered":"<p>A 29\u00aa edi\u00e7\u00e3o ser\u00e1 realizada entre os dias 8 e 11 de abril, em S\u00e3o Paulo, e promete ser a maior e mais completa da hist\u00f3ria. Mais de 100 mil visitantes de 70 pa\u00edses s\u00e3o aguardados Uma das l\u00edderes mundiais na organiza\u00e7\u00e3o de feiras de neg\u00f3cios, a RX possui um portf\u00f3lio de 350 eventos presenciais [&hellip;]<\/p>\n","protected":false},"author":2,"featured_media":4515,"comment_status":"open","ping_status":"open","sticky":false,"template":"","format":"standard","meta":{"footnotes":""},"categories":[25,23],"tags":[],"class_list":{"0":"post-4514","1":"post","2":"type-post","3":"status-publish","4":"format-standard","5":"has-post-thumbnail","7":"category-calendariodeeventos","8":"category-feirasdenegocios"},"_links":{"self":[{"href":"https:\/\/tveventos.tv.br\/index.php?rest_route=\/wp\/v2\/posts\/4514","targetHints":{"allow":["GET"]}}],"collection":[{"href":"https:\/\/tveventos.tv.br\/index.php?rest_route=\/wp\/v2\/posts"}],"about":[{"href":"https:\/\/tveventos.tv.br\/index.php?rest_route=\/wp\/v2\/types\/post"}],"author":[{"embeddable":true,"href":"https:\/\/tveventos.tv.br\/index.php?rest_route=\/wp\/v2\/users\/2"}],"replies":[{"embeddable":true,"href":"https:\/\/tveventos.tv.br\/index.php?rest_route=%2Fwp%2Fv2%2Fcomments&post=4514"}],"version-history":[{"count":1,"href":"https:\/\/tveventos.tv.br\/index.php?rest_route=\/wp\/v2\/posts\/4514\/revisions"}],"predecessor-version":[{"id":4516,"href":"https:\/\/tveventos.tv.br\/index.php?rest_route=\/wp\/v2\/posts\/4514\/revisions\/4516"}],"wp:featuredmedia":[{"embeddable":true,"href":"https:\/\/tveventos.tv.br\/index.php?rest_route=\/wp\/v2\/media\/4515"}],"wp:attachment":[{"href":"https:\/\/tveventos.tv.br\/index.php?rest_route=%2Fwp%2Fv2%2Fmedia&parent=4514"}],"wp:term":[{"taxonomy":"category","embeddable":true,"href":"https:\/\/tveventos.tv.br\/index.php?rest_route=%2Fwp%2Fv2%2Fcategories&post=4514"},{"taxonomy":"post_tag","embeddable":true,"href":"https:\/\/tveventos.tv.br\/index.php?rest_route=%2Fwp%2Fv2%2Ftags&post=4514"}],"curies":[{"name":"wp","href":"https:\/\/api.w.org\/{rel}","templated":true}]}}