{"id":4523,"date":"2025-03-31T10:35:01","date_gmt":"2025-03-31T13:35:01","guid":{"rendered":"https:\/\/tveventos.tv.br\/?p=4523"},"modified":"2025-03-31T10:36:29","modified_gmt":"2025-03-31T13:36:29","slug":"in-cosmetics-latin-america-ocorre-em-setembro-no-expo-center-norte","status":"publish","type":"post","link":"https:\/\/tveventos.tv.br\/?p=4523","title":{"rendered":"in-cosmetics Latin America ocorre em setembro no Expo Center Norte"},"content":{"rendered":"\n<p><em>A feira chega ao Brasil dias 23 e 24 de setembro, sendo o principal evento de mat\u00e9rias-primas para cosm\u00e9ticos da America Latina.<\/em><\/p>\n\n\n\n<p>O evento faz parte do Grupo in-cosmetics, respons\u00e1vel pelas maiores feiras do setor na Europa, \u00c1sia e Am\u00e9ricas, sendo organizado pela RX Global, l\u00edder na organiza\u00e7\u00e3o de eventos globais. <\/p>\n\n\n\n<p>A in-cosmetics Latin America \u00e9 um grande ponto de encontro de neg\u00f3cios para a \u00e1rea, conectando fornecedores e empresas de cosm\u00e9ticos \u00e0s \u00faltimas tend\u00eancias e inova\u00e7\u00f5es do mercado. A edi\u00e7\u00e3o de 2024 contou com a participa\u00e7\u00e3o de mais de 230 expositores de mais de 20 pa\u00edses.<\/p>\n\n\n\n<p>A grande novidade deste ano \u00e9 a cria\u00e7\u00e3o de um novo espa\u00e7o voltado para empresas terceirizadas: a <em>Contract Manufacturing Zone<\/em>. Esse espa\u00e7o foi desenvolvido para atender \u00e0 crescente demanda de marcas que procuram servi\u00e7os e inova\u00e7\u00f5es para aprimorar seus processos produtivos. A \u00e1rea reunir\u00e1 fornecedores que apresentar\u00e3o servi\u00e7os exclusivos, t\u00e9cnicas e solu\u00e7\u00f5es para um p\u00fablico composto por executivos, representantes e tomadores de decis\u00e3o de pequenas e m\u00e9dias empresas, interessados em fortalecer suas marcas, expandir neg\u00f3cios, diversificar o portf\u00f3lio e otimizar sua cadeia produtiva.<\/p>\n\n\n\n<p>A Contract Manufacturing Zone nasceu de algo que \u00e9 de extrema import\u00e2ncia para a\u00a0in-cosmetics\u00a0Latin America desde sempre: ouvir o mercado. <\/p>\n\n\n\n<p>\u201cAo mesmo tempo que recebemos empresas interessadas em escalar seus neg\u00f3cios com parceiros operacionais, teremos fabricantes terceiristas com equipamentos, desenvolvimento de cosm\u00e9ticos e t\u00e9cnicas de produ\u00e7\u00e3o modernas, al\u00e9m de acesso aos melhores ingredientes e inova\u00e7\u00f5es. O objetivo \u00e9, justamente, promover essa conex\u00e3o\u201d, diz Ana Beatriz Elia, head da\u00a0in-cosmetics\u00a0Latin America.<\/p>\n\n\n\n<p>Eai, o que achou desta novidade da feira? <\/p>\n","protected":false},"excerpt":{"rendered":"<p>A feira chega ao Brasil dias 23 e 24 de setembro, sendo o principal evento de mat\u00e9rias-primas para cosm\u00e9ticos da America Latina. O evento faz parte do Grupo in-cosmetics, respons\u00e1vel pelas maiores feiras do setor na Europa, \u00c1sia e Am\u00e9ricas, sendo organizado pela RX Global, l\u00edder na organiza\u00e7\u00e3o de eventos globais. A in-cosmetics Latin America [&hellip;]<\/p>\n","protected":false},"author":3,"featured_media":4524,"comment_status":"open","ping_status":"open","sticky":false,"template":"","format":"standard","meta":{"footnotes":""},"categories":[25,23],"tags":[],"class_list":{"0":"post-4523","1":"post","2":"type-post","3":"status-publish","4":"format-standard","5":"has-post-thumbnail","7":"category-calendariodeeventos","8":"category-feirasdenegocios"},"_links":{"self":[{"href":"https:\/\/tveventos.tv.br\/index.php?rest_route=\/wp\/v2\/posts\/4523","targetHints":{"allow":["GET"]}}],"collection":[{"href":"https:\/\/tveventos.tv.br\/index.php?rest_route=\/wp\/v2\/posts"}],"about":[{"href":"https:\/\/tveventos.tv.br\/index.php?rest_route=\/wp\/v2\/types\/post"}],"author":[{"embeddable":true,"href":"https:\/\/tveventos.tv.br\/index.php?rest_route=\/wp\/v2\/users\/3"}],"replies":[{"embeddable":true,"href":"https:\/\/tveventos.tv.br\/index.php?rest_route=%2Fwp%2Fv2%2Fcomments&post=4523"}],"version-history":[{"count":1,"href":"https:\/\/tveventos.tv.br\/index.php?rest_route=\/wp\/v2\/posts\/4523\/revisions"}],"predecessor-version":[{"id":4525,"href":"https:\/\/tveventos.tv.br\/index.php?rest_route=\/wp\/v2\/posts\/4523\/revisions\/4525"}],"wp:featuredmedia":[{"embeddable":true,"href":"https:\/\/tveventos.tv.br\/index.php?rest_route=\/wp\/v2\/media\/4524"}],"wp:attachment":[{"href":"https:\/\/tveventos.tv.br\/index.php?rest_route=%2Fwp%2Fv2%2Fmedia&parent=4523"}],"wp:term":[{"taxonomy":"category","embeddable":true,"href":"https:\/\/tveventos.tv.br\/index.php?rest_route=%2Fwp%2Fv2%2Fcategories&post=4523"},{"taxonomy":"post_tag","embeddable":true,"href":"https:\/\/tveventos.tv.br\/index.php?rest_route=%2Fwp%2Fv2%2Ftags&post=4523"}],"curies":[{"name":"wp","href":"https:\/\/api.w.org\/{rel}","templated":true}]}}