{"id":4526,"date":"2025-03-31T11:15:18","date_gmt":"2025-03-31T14:15:18","guid":{"rendered":"https:\/\/tveventos.tv.br\/?p=4526"},"modified":"2025-03-31T11:36:26","modified_gmt":"2025-03-31T14:36:26","slug":"bebida-brasileira-ganha-espaco-na-anuga-select-brazil-2025","status":"publish","type":"post","link":"https:\/\/tveventos.tv.br\/?p=4526","title":{"rendered":"Bebida brasileira ganha espa\u00e7o na Anuga Select Brazil 2025"},"content":{"rendered":"\n<p><em>Pavilh\u00e3o IBRAC vai proporcionar ao visitante a experi\u00eancia de conhecer melhor a Cacha\u00e7a em toda sua diversidade, sabores e aromas; A Feira acontece entre os dias 8 e 10 de abril, no Distrito Anhembi, em SP<\/em><\/p>\n\n\n\n<p>A bebida genuinamente brasileira e internacionalmente conhecida vai ter um espa\u00e7o especial na&nbsp;<strong>6\u00aa edi\u00e7\u00e3o da Anuga Select Brazil<\/strong>, uma das principais feiras do setor de alimentos e bebidas (A&amp;B) da Am\u00e9rica Latina. O Instituto Brasileiro da Cacha\u00e7a (IBRAC), preparou um pavilh\u00e3o 100% dedicado \u00e0 bebida, no qual o p\u00fablico poder\u00e1 degust\u00e1-la, de forma moderada e respons\u00e1vel, conhecendo melhor os aromas, a diversidade e os sabores da bebida.<br>&nbsp;<\/p>\n\n\n\n<p>O Pavilh\u00e3o conversa com um setor que gera 600 mil empregos diretos e indiretos e que \u00e9 s\u00edmbolo nacional, haja vista ser a Cacha\u00e7a a primeira Indica\u00e7\u00e3o Geogr\u00e1fica do pa\u00eds, sendo protegida em quatro mercados: Chile, M\u00e9xico, Estados Unidos e Col\u00f4mbia. Ele tem a chancela do IBRAC, entidade representativa do setor e que representa mais de 80% do volume comercializado no Brasil, entre pequenas, m\u00e9dias e grandes empresas. Organizada pela Koelnmesse Brasil, a Anuga acontece entre os dias 8 e 10 de abril, no Distrito Anhembi, em S\u00e3o Paulo.<br>&nbsp;<\/p>\n\n\n\n<p>Na avalia\u00e7\u00e3o de Polliana Claudino, gerente de projetos da Anuga, a parceria in\u00e9dita entre o IBRAC e a Feira representa um marco significativo para o setor, que tem demonstrado um crescimento importante. \u201cSer\u00e1 um ponto de conex\u00e3o entre a cadeia de alimenta\u00e7\u00e3o fora do lar e diversas marcas de Cacha\u00e7a. O Pavilh\u00e3o IBRAC reunir\u00e1 op\u00e7\u00f5es para todos os perfis de neg\u00f3cios, oferecendo aos profissionais do setor a chance de explorar novos produtos, estabelecer parcerias e expandir o consumo da Cacha\u00e7a no contexto gastron\u00f4mico e de bebidas\u201d, afirmou.<br>&nbsp;<\/p>\n\n\n\n<p>Andressa Beig Jord\u00e3o, diretora-executiva do IBRAC, considera que o evento \u00e9 um espa\u00e7o estrat\u00e9gico para refor\u00e7ar a relev\u00e2ncia da Cacha\u00e7a no mercado nacional, bem como expandir sua presen\u00e7a no mercado externo. \u201cA Feira permitir\u00e1 aos nossos associados fortalecer o networking com distribuidores, importadores e outros profissionais do setor, al\u00e9m de identificar novas oportunidades de neg\u00f3cios e parcerias comerciais\u201d.<br>&nbsp;<\/p>\n\n\n\n<p>A proposta do pavilh\u00e3o, de acordo com Andressa, \u00e9 proporcionar uma experi\u00eancia imersiva aos visitantes, apresentando novos r\u00f3tulos, tend\u00eancias e fazendo-os compreender a heran\u00e7a significativa da Cacha\u00e7a na cultura brasileira. Na oportunidade, estar\u00e3o presentes Cacha\u00e7as de cinco estados brasileiros:<\/p>\n\n\n\n<ul class=\"wp-block-list\">\n<li><strong>Famigerada<\/strong>, da Serra Geral do Mato Verde (MG) &#8211;\u00a0<a href=\"https:\/\/www.famigerada.com.br\/\" target=\"_blank\" rel=\"noreferrer noopener\">Link<\/a><\/li>\n\n\n\n<li><strong>Gog\u00f3 da Ema<\/strong>, de S\u00e3o Sebasti\u00e3o (AL) &#8211;\u00a0<a href=\"https:\/\/www.cachacagogodaema.com.br\/home\" target=\"_blank\" rel=\"noreferrer noopener\">Link<\/a><\/li>\n\n\n\n<li><strong>Pit\u00fa<\/strong>, de Vit\u00f3ria de Santo Ant\u00e3o (PE) &#8211;\u00a0<a href=\"https:\/\/pitu.com.br\/\" target=\"_blank\" rel=\"noreferrer noopener\">Link<\/a><\/li>\n\n\n\n<li><strong>Weber Haus<\/strong>, de Ivoti (RS) &#8211;\u00a0<a href=\"https:\/\/weberhaus.com.br\/\" target=\"_blank\" rel=\"noreferrer noopener\">Link<\/a><\/li>\n\n\n\n<li><strong>Ypi\u00f3ca,\u00a0<\/strong>de Fortaleza (CE) &#8211;\u00a0<a href=\"https:\/\/shorturl.at\/sILhY\" target=\"_blank\" rel=\"noreferrer noopener\">Link<\/a><\/li>\n<\/ul>\n\n\n\n<p>\u201cO principal objetivo do IBRAC \u00e9 promover e valorizar a Cacha\u00e7a, sempre por meio do consumo moderado e respons\u00e1vel da bebida. Os produtores participantes ter\u00e3o a oportunidade de mostrar a riqueza da nossa bebida, suas variedades e versatilidade, ampliando oportunidades de exporta\u00e7\u00e3o e fortalecendo a presen\u00e7a da Cacha\u00e7a em mercados estrat\u00e9gicos\u201d, completa Andressa.<br>&nbsp;<\/p>\n\n\n\n<p>Polliana Claudino refor\u00e7a a afirma\u00e7\u00e3o da diretora-executiva do IBRAC. \u201cA parceria tamb\u00e9m permitir\u00e1 que os produtores de Cacha\u00e7a apresentem suas inova\u00e7\u00f5es e produtos de alta qualidade, ampliando a visibilidade da bebida como um produto premium.<\/p>\n\n\n\n<p><br>Localiza\u00e7\u00e3o do Pavilh\u00e3o do IBRAC: setor G-597.<\/p>\n\n\n\n<p><strong>Servi\u00e7o:<\/strong><\/p>\n\n\n\n<p><strong>Anuga Select Brazil<\/strong><\/p>\n\n\n\n<p><strong>Data:&nbsp;<\/strong>8 a 10 de abril de 2025<\/p>\n\n\n\n<p><strong>Hor\u00e1rio:&nbsp;<\/strong>10h \u00e0s 19h<\/p>\n\n\n\n<p><strong>Local:&nbsp;<\/strong>Distrito Anhembi<\/p>\n\n\n\n<p><strong>Endere\u00e7o:&nbsp;<\/strong>Av. Olavo Fontoura, 1209 \u2013 Santana, S\u00e3o Paulo \u2013 SP.<\/p>\n\n\n\n<p><strong>Parceiros Estrat\u00e9gicos:<\/strong>&nbsp;ABIS, ABRASEL, APEX-BRASIL, EMBRAPA e EXPO SUPERMERCADOS.<\/p>\n","protected":false},"excerpt":{"rendered":"<p>Pavilh\u00e3o IBRAC vai proporcionar ao visitante a experi\u00eancia de conhecer melhor a Cacha\u00e7a em toda sua diversidade, sabores e aromas; A Feira acontece entre os dias 8 e 10 de abril, no Distrito Anhembi, em SP A bebida genuinamente brasileira e internacionalmente conhecida vai ter um espa\u00e7o especial na&nbsp;6\u00aa edi\u00e7\u00e3o da Anuga Select Brazil, uma [&hellip;]<\/p>\n","protected":false},"author":3,"featured_media":4529,"comment_status":"open","ping_status":"open","sticky":false,"template":"","format":"standard","meta":{"footnotes":""},"categories":[23],"tags":[],"class_list":{"0":"post-4526","1":"post","2":"type-post","3":"status-publish","4":"format-standard","5":"has-post-thumbnail","7":"category-feirasdenegocios"},"_links":{"self":[{"href":"https:\/\/tveventos.tv.br\/index.php?rest_route=\/wp\/v2\/posts\/4526","targetHints":{"allow":["GET"]}}],"collection":[{"href":"https:\/\/tveventos.tv.br\/index.php?rest_route=\/wp\/v2\/posts"}],"about":[{"href":"https:\/\/tveventos.tv.br\/index.php?rest_route=\/wp\/v2\/types\/post"}],"author":[{"embeddable":true,"href":"https:\/\/tveventos.tv.br\/index.php?rest_route=\/wp\/v2\/users\/3"}],"replies":[{"embeddable":true,"href":"https:\/\/tveventos.tv.br\/index.php?rest_route=%2Fwp%2Fv2%2Fcomments&post=4526"}],"version-history":[{"count":1,"href":"https:\/\/tveventos.tv.br\/index.php?rest_route=\/wp\/v2\/posts\/4526\/revisions"}],"predecessor-version":[{"id":4528,"href":"https:\/\/tveventos.tv.br\/index.php?rest_route=\/wp\/v2\/posts\/4526\/revisions\/4528"}],"wp:featuredmedia":[{"embeddable":true,"href":"https:\/\/tveventos.tv.br\/index.php?rest_route=\/wp\/v2\/media\/4529"}],"wp:attachment":[{"href":"https:\/\/tveventos.tv.br\/index.php?rest_route=%2Fwp%2Fv2%2Fmedia&parent=4526"}],"wp:term":[{"taxonomy":"category","embeddable":true,"href":"https:\/\/tveventos.tv.br\/index.php?rest_route=%2Fwp%2Fv2%2Fcategories&post=4526"},{"taxonomy":"post_tag","embeddable":true,"href":"https:\/\/tveventos.tv.br\/index.php?rest_route=%2Fwp%2Fv2%2Ftags&post=4526"}],"curies":[{"name":"wp","href":"https:\/\/api.w.org\/{rel}","templated":true}]}}