{"id":4531,"date":"2025-04-02T10:40:50","date_gmt":"2025-04-02T13:40:50","guid":{"rendered":"https:\/\/tveventos.tv.br\/?p=4531"},"modified":"2025-04-02T10:40:51","modified_gmt":"2025-04-02T13:40:51","slug":"feiconference-reune-especialistas-para-discutir-inovacao-e-produtividade-na-construcao-civil","status":"publish","type":"post","link":"https:\/\/tveventos.tv.br\/?p=4531","title":{"rendered":"Feiconference re\u00fane especialistas para discutir inova\u00e7\u00e3o e produtividade na constru\u00e7\u00e3o civil"},"content":{"rendered":"\n<p><em>Confer\u00eancia internacional ser\u00e1 realizada nos tr\u00eas primeiros dias de FEICON, de 8 a 10 de abril, em S\u00e3o Paulo<\/em><\/p>\n\n\n\n<p>Com a digitaliza\u00e7\u00e3o de processos e o uso crescente de ferramentas como o BIM, a efici\u00eancia e a qualidade dos projetos ganham ainda mais relev\u00e2ncia. Para discutir esses desafios e oportunidades, a FEICON \u2013 Feira Internacional da Constru\u00e7\u00e3o Civil realiza, pela primeira vez, a Feiconference \u2013 Confer\u00eancia Internacional de Constru\u00e7\u00e3o e Arquitetura.<\/p>\n\n\n\n<p>O evento ser\u00e1 realizado nos tr\u00eas primeiros dias de feira, de 8 a 10 de abril, no S\u00e3o Paulo Expo, e re\u00fane mais de 50 palestras e pain\u00e9is com especialistas do Brasil e do exterior para abordar temas como transforma\u00e7\u00e3o digital, sustentabilidade, estrat\u00e9gias de lideran\u00e7a e novos modelos de neg\u00f3cios.&nbsp;<\/p>\n\n\n\n<p>Entre os palestrantes confirmados est\u00e3o: Ant\u00f4nio Ciampi (Porte Urbanismo), que discutir\u00e1 os impactos do Eixo Platina e Urman SP na Regi\u00e3o Leste da cidade; Camila Pimenta (SENAI-SP), que abordar\u00e1 o uso de dados na forma\u00e7\u00e3o de profissionais; e Fernanda Machado (Autodesk), que trar\u00e1 um panorama internacional sobre projetos em BIM e produtividade. A MPD tamb\u00e9m participa da abertura do CuboConstruliving, com Carol Abreu e Leticia Senra (Cubo Ita\u00fa).<\/p>\n\n\n\n<p>Outros nomes de refer\u00eancia no setor tamb\u00e9m marcar\u00e3o presen\u00e7a na Feiconference, como Filipe Dottori (MPD); Mariana Panitz (Construflow); Danilo Lorenceto (Lorenceto Engenharia); Nicolaos Teodoraskis (NOAH); Antonio Campi (Porte Engenharia); Giani Pfister (HTB); Ot\u00e1vio Pedreira (Pedreira Top\u00e1zio); Andr\u00e9 Quinder\u00e9 (Agilean); Luiz Henrique Ceotto (Urbic); e Roberta Bigucci (MBigucci Construtora).<\/p>\n\n\n\n<p>\u201cA Feiconference \u00e9 uma oportunidade \u00fanica para os profissionais da constru\u00e7\u00e3o e arquitetura se atualizarem e trocarem experi\u00eancias com especialistas, nacionais e internacionais, do setor. Nosso objetivo \u00e9 proporcionar um ambiente de discuss\u00e3o qualificado e fomentar a inova\u00e7\u00e3o e o crescimento da ind\u00fastria\u201d, afirma Ivan Rom\u00e3o, diretor da FEICON.<\/p>\n\n\n\n<p>Voltada para arquitetos, engenheiros e decisores da ind\u00fastria, a Feiconference tem patroc\u00ednio do Grupo ASSA ABLOY e curadoria da Inovatech Engenharia. A confer\u00eancia internacional acontece no Mezanino do S\u00e3o Paulo Expo, das 9h \u00e0s 17h, durante os dias 8, 9 e 10 de abril. A programa\u00e7\u00e3o completa est\u00e1 dispon\u00edvel no site&nbsp;<a href=\"https:\/\/www.feicon.com.br\/\" target=\"_blank\" rel=\"noreferrer noopener\">www.feicon.com.br<\/a>.<\/p>\n","protected":false},"excerpt":{"rendered":"<p>Confer\u00eancia internacional ser\u00e1 realizada nos tr\u00eas primeiros dias de FEICON, de 8 a 10 de abril, em S\u00e3o Paulo Com a digitaliza\u00e7\u00e3o de processos e o uso crescente de ferramentas como o BIM, a efici\u00eancia e a qualidade dos projetos ganham ainda mais relev\u00e2ncia. Para discutir esses desafios e oportunidades, a FEICON \u2013 Feira Internacional [&hellip;]<\/p>\n","protected":false},"author":3,"featured_media":4532,"comment_status":"open","ping_status":"open","sticky":false,"template":"","format":"standard","meta":{"footnotes":""},"categories":[23],"tags":[],"class_list":{"0":"post-4531","1":"post","2":"type-post","3":"status-publish","4":"format-standard","5":"has-post-thumbnail","7":"category-feirasdenegocios"},"_links":{"self":[{"href":"https:\/\/tveventos.tv.br\/index.php?rest_route=\/wp\/v2\/posts\/4531","targetHints":{"allow":["GET"]}}],"collection":[{"href":"https:\/\/tveventos.tv.br\/index.php?rest_route=\/wp\/v2\/posts"}],"about":[{"href":"https:\/\/tveventos.tv.br\/index.php?rest_route=\/wp\/v2\/types\/post"}],"author":[{"embeddable":true,"href":"https:\/\/tveventos.tv.br\/index.php?rest_route=\/wp\/v2\/users\/3"}],"replies":[{"embeddable":true,"href":"https:\/\/tveventos.tv.br\/index.php?rest_route=%2Fwp%2Fv2%2Fcomments&post=4531"}],"version-history":[{"count":1,"href":"https:\/\/tveventos.tv.br\/index.php?rest_route=\/wp\/v2\/posts\/4531\/revisions"}],"predecessor-version":[{"id":4533,"href":"https:\/\/tveventos.tv.br\/index.php?rest_route=\/wp\/v2\/posts\/4531\/revisions\/4533"}],"wp:featuredmedia":[{"embeddable":true,"href":"https:\/\/tveventos.tv.br\/index.php?rest_route=\/wp\/v2\/media\/4532"}],"wp:attachment":[{"href":"https:\/\/tveventos.tv.br\/index.php?rest_route=%2Fwp%2Fv2%2Fmedia&parent=4531"}],"wp:term":[{"taxonomy":"category","embeddable":true,"href":"https:\/\/tveventos.tv.br\/index.php?rest_route=%2Fwp%2Fv2%2Fcategories&post=4531"},{"taxonomy":"post_tag","embeddable":true,"href":"https:\/\/tveventos.tv.br\/index.php?rest_route=%2Fwp%2Fv2%2Ftags&post=4531"}],"curies":[{"name":"wp","href":"https:\/\/api.w.org\/{rel}","templated":true}]}}