{"id":4535,"date":"2025-04-03T14:52:51","date_gmt":"2025-04-03T17:52:51","guid":{"rendered":"https:\/\/tveventos.tv.br\/?p=4535"},"modified":"2025-04-03T14:52:53","modified_gmt":"2025-04-03T17:52:53","slug":"world-travel-market","status":"publish","type":"post","link":"https:\/\/tveventos.tv.br\/?p=4535","title":{"rendered":"WORLD TRAVEL MARKET"},"content":{"rendered":"\n<p>A WTM Latin America \u00e9 o evento B2B de viagens e turismo da Am\u00e9rica Latina que oferece excelentes oportunidades de neg\u00f3cios, melhor retorno sobre o investimento e acesso a compradores e influenciadores qualificados da ind\u00fastria de viagens e turismo. Profissionais de todas as \u00e1reas participam do evento, como ag\u00eancias de turismo, operadoras de viagens, acomoda\u00e7\u00f5es, transportes, cruzeiros, produtos de luxo e tecnologia, entre outros.<\/p>\n\n\n\n<p>Durante apenas 3 dias \u00e9 poss\u00edvel explorar as \u00faltimas tend\u00eancias, buscar novos produtos, expandir sua rede de contatos e encontrar oportunidades que v\u00e3o impulsionar seus neg\u00f3cios.<\/p>\n\n\n\n<p>Aproveite essa oportunidade para ficar por dentro das novidades do setor, aumentar seu networking e ampliar seus conhecimentos<\/p>\n\n\n\n<p>Junte-se a n\u00f3s nos dias 14 a 16 de Abril, das 12h \u00e0s 20h e dia 16 das 12h \u00e0s 18h no Expo Center Norte.<\/p>\n\n\n\n<p>Endere\u00e7o: Rua Jos\u00e9 Bernardo Pinto 333, S\u00e3o Paulo, SP, 02055-000<\/p>\n\n\n\n<p><\/p>\n","protected":false},"excerpt":{"rendered":"<p>A WTM Latin America \u00e9 o evento B2B de viagens e turismo da Am\u00e9rica Latina que oferece excelentes oportunidades de neg\u00f3cios, melhor retorno sobre o investimento e acesso a compradores e influenciadores qualificados da ind\u00fastria de viagens e turismo. Profissionais de todas as \u00e1reas participam do evento, como ag\u00eancias de turismo, operadoras de viagens, acomoda\u00e7\u00f5es, [&hellip;]<\/p>\n","protected":false},"author":3,"featured_media":4537,"comment_status":"open","ping_status":"open","sticky":false,"template":"","format":"standard","meta":{"footnotes":""},"categories":[25],"tags":[],"class_list":{"0":"post-4535","1":"post","2":"type-post","3":"status-publish","4":"format-standard","5":"has-post-thumbnail","7":"category-calendariodeeventos"},"_links":{"self":[{"href":"https:\/\/tveventos.tv.br\/index.php?rest_route=\/wp\/v2\/posts\/4535","targetHints":{"allow":["GET"]}}],"collection":[{"href":"https:\/\/tveventos.tv.br\/index.php?rest_route=\/wp\/v2\/posts"}],"about":[{"href":"https:\/\/tveventos.tv.br\/index.php?rest_route=\/wp\/v2\/types\/post"}],"author":[{"embeddable":true,"href":"https:\/\/tveventos.tv.br\/index.php?rest_route=\/wp\/v2\/users\/3"}],"replies":[{"embeddable":true,"href":"https:\/\/tveventos.tv.br\/index.php?rest_route=%2Fwp%2Fv2%2Fcomments&post=4535"}],"version-history":[{"count":1,"href":"https:\/\/tveventos.tv.br\/index.php?rest_route=\/wp\/v2\/posts\/4535\/revisions"}],"predecessor-version":[{"id":4538,"href":"https:\/\/tveventos.tv.br\/index.php?rest_route=\/wp\/v2\/posts\/4535\/revisions\/4538"}],"wp:featuredmedia":[{"embeddable":true,"href":"https:\/\/tveventos.tv.br\/index.php?rest_route=\/wp\/v2\/media\/4537"}],"wp:attachment":[{"href":"https:\/\/tveventos.tv.br\/index.php?rest_route=%2Fwp%2Fv2%2Fmedia&parent=4535"}],"wp:term":[{"taxonomy":"category","embeddable":true,"href":"https:\/\/tveventos.tv.br\/index.php?rest_route=%2Fwp%2Fv2%2Fcategories&post=4535"},{"taxonomy":"post_tag","embeddable":true,"href":"https:\/\/tveventos.tv.br\/index.php?rest_route=%2Fwp%2Fv2%2Ftags&post=4535"}],"curies":[{"name":"wp","href":"https:\/\/api.w.org\/{rel}","templated":true}]}}