{"id":4540,"date":"2025-04-03T15:16:53","date_gmt":"2025-04-03T18:16:53","guid":{"rendered":"https:\/\/tveventos.tv.br\/?p=4540"},"modified":"2025-04-03T15:35:04","modified_gmt":"2025-04-03T18:35:04","slug":"compilance-bussiness-day","status":"publish","type":"post","link":"https:\/\/tveventos.tv.br\/?p=4540","title":{"rendered":"COMPILANCE &amp; BUSSINESS DAY"},"content":{"rendered":"\n<p>O maior f\u00f3rum de discuss\u00e3o sobre inova\u00e7\u00f5es no Mercado de C\u00e2mbio no Brasil que h\u00e1 8 anos re\u00fane autoridades e renomados especialistas para debater sobre as melhores pr\u00e1ticas do mercado ao lado das inova\u00e7\u00f5es e oportunidades.<\/p>\n\n\n\n<p>Destinado a profissionais do mercado financeiro, entusiastas de Compliance e todos aqueles que buscam atualiza\u00e7\u00e3o, o evento abre suas portas para o p\u00fablico em geral. Os participantes ter\u00e3o a oportunidade de se conectar com grandes nomes da \u00e1rea, trocar experi\u00eancias e aprimorar seus conhecimentos.<\/p>\n\n\n\n<p>O 8\u00ba Compliance &amp; Business Day ABRACAM ser\u00e1 presencial, proporcionando uma experi\u00eancia enriquecedora para networking e aprendizado com especialistas do setor.<\/p>\n\n\n\n<p>Junte-se a n\u00f3s no dia 15 de Abril, das 8:30h \u00e0s 19:00h no WTC Events Center<\/p>\n\n\n\n<p>Endere\u00e7o: Avenida das Na\u00e7\u00f5es Unidas, 12.559, Brooklin Novo &#8211; S\u00e3o Paulo\/SP<\/p>\n\n\n\n<p><\/p>\n","protected":false},"excerpt":{"rendered":"<p>O maior f\u00f3rum de discuss\u00e3o sobre inova\u00e7\u00f5es no Mercado de C\u00e2mbio no Brasil que h\u00e1 8 anos re\u00fane autoridades e renomados especialistas para debater sobre as melhores pr\u00e1ticas do mercado ao lado das inova\u00e7\u00f5es e oportunidades. Destinado a profissionais do mercado financeiro, entusiastas de Compliance e todos aqueles que buscam atualiza\u00e7\u00e3o, o evento abre suas [&hellip;]<\/p>\n","protected":false},"author":3,"featured_media":4541,"comment_status":"open","ping_status":"open","sticky":false,"template":"","format":"standard","meta":{"footnotes":""},"categories":[25],"tags":[],"class_list":{"0":"post-4540","1":"post","2":"type-post","3":"status-publish","4":"format-standard","5":"has-post-thumbnail","7":"category-calendariodeeventos"},"_links":{"self":[{"href":"https:\/\/tveventos.tv.br\/index.php?rest_route=\/wp\/v2\/posts\/4540","targetHints":{"allow":["GET"]}}],"collection":[{"href":"https:\/\/tveventos.tv.br\/index.php?rest_route=\/wp\/v2\/posts"}],"about":[{"href":"https:\/\/tveventos.tv.br\/index.php?rest_route=\/wp\/v2\/types\/post"}],"author":[{"embeddable":true,"href":"https:\/\/tveventos.tv.br\/index.php?rest_route=\/wp\/v2\/users\/3"}],"replies":[{"embeddable":true,"href":"https:\/\/tveventos.tv.br\/index.php?rest_route=%2Fwp%2Fv2%2Fcomments&post=4540"}],"version-history":[{"count":2,"href":"https:\/\/tveventos.tv.br\/index.php?rest_route=\/wp\/v2\/posts\/4540\/revisions"}],"predecessor-version":[{"id":4543,"href":"https:\/\/tveventos.tv.br\/index.php?rest_route=\/wp\/v2\/posts\/4540\/revisions\/4543"}],"wp:featuredmedia":[{"embeddable":true,"href":"https:\/\/tveventos.tv.br\/index.php?rest_route=\/wp\/v2\/media\/4541"}],"wp:attachment":[{"href":"https:\/\/tveventos.tv.br\/index.php?rest_route=%2Fwp%2Fv2%2Fmedia&parent=4540"}],"wp:term":[{"taxonomy":"category","embeddable":true,"href":"https:\/\/tveventos.tv.br\/index.php?rest_route=%2Fwp%2Fv2%2Fcategories&post=4540"},{"taxonomy":"post_tag","embeddable":true,"href":"https:\/\/tveventos.tv.br\/index.php?rest_route=%2Fwp%2Fv2%2Ftags&post=4540"}],"curies":[{"name":"wp","href":"https:\/\/api.w.org\/{rel}","templated":true}]}}