{"id":4550,"date":"2025-04-03T16:21:35","date_gmt":"2025-04-03T19:21:35","guid":{"rendered":"https:\/\/tveventos.tv.br\/?p=4550"},"modified":"2025-04-03T16:21:36","modified_gmt":"2025-04-03T19:21:36","slug":"intermodal-south-america","status":"publish","type":"post","link":"https:\/\/tveventos.tv.br\/?p=4550","title":{"rendered":"INTERMODAL SOUTH AMERICA"},"content":{"rendered":"\n<p>Como o evento de log\u00edstica mais visitado na Am\u00e9rica do Sul e l\u00edder em apresenta\u00e7\u00e3o de inova\u00e7\u00f5es, tecnologias, produtos e servi\u00e7os para os setores de log\u00edstica, intralog\u00edstica, tecnologia, transporte de cargas e com\u00e9rcio exterior, a Intermodal South America atrai os principais tomadores de decis\u00e3o, l\u00edderes empresariais, formadores de tend\u00eancias, gestores de pol\u00edticas p\u00fablicas, e compradores em um \u00fanico ambiente.<\/p>\n\n\n\n<p>Abrangendo todos os modais de transporte, o evento oferece solu\u00e7\u00f5es para toda a cadeia log\u00edstica, de ponta a ponta.<\/p>\n\n\n\n<p>Contando com um p\u00fablico altamente qualificado, a Intermodal \u00e9 o ponto de encontro essencial para empres\u00e1rios, profissionais, executivos, estudantes e pesquisadores da \u00e1rea de log\u00edstica que procuram por solu\u00e7\u00f5es, cont\u00e9udos e relacionamento com empresas nacionais e internacionais de todos os portes.&nbsp;<\/p>\n\n\n\n<p>Durante tr\u00eas dias, o evento re\u00fane profissionais de +90 pa\u00edses, proporcionando intera\u00e7\u00e3o e neg\u00f3cios em um ambiente rico em inova\u00e7\u00f5es, tecnologia, variedades de produtos e servi\u00e7os e solu\u00e7\u00f5es de ponta a ponta para toda a cadeia log\u00edstica.&nbsp;<\/p>\n\n\n\n<p>Imperd\u00edvel para quem procura se atualizar sobre as \u00faltimas tend\u00eancias, estabelecer contatos comerciais e parcerias, discutir quest\u00f5es importantes para o desenvolvimento sustent\u00e1vel de todo o setor, al\u00e9m, \u00e9 claro, de participar de atra\u00e7\u00f5es exclusivas.<\/p>\n\n\n\n<p>Junte-se a n\u00f3s nos dias 22 a 24 de Abril, das 13h \u00e0s 21h no Distrito Anhembi<\/p>\n\n\n\n<p>Endere\u00e7o: Avenida Olavo Fontoura, N\u00b0 1. 209\/Santana, S\u00e3o Paulo, SP, 02012-021<br><\/p>\n","protected":false},"excerpt":{"rendered":"<p>Como o evento de log\u00edstica mais visitado na Am\u00e9rica do Sul e l\u00edder em apresenta\u00e7\u00e3o de inova\u00e7\u00f5es, tecnologias, produtos e servi\u00e7os para os setores de log\u00edstica, intralog\u00edstica, tecnologia, transporte de cargas e com\u00e9rcio exterior, a Intermodal South America atrai os principais tomadores de decis\u00e3o, l\u00edderes empresariais, formadores de tend\u00eancias, gestores de pol\u00edticas p\u00fablicas, e compradores [&hellip;]<\/p>\n","protected":false},"author":3,"featured_media":4553,"comment_status":"open","ping_status":"open","sticky":false,"template":"","format":"standard","meta":{"footnotes":""},"categories":[25],"tags":[],"class_list":{"0":"post-4550","1":"post","2":"type-post","3":"status-publish","4":"format-standard","5":"has-post-thumbnail","7":"category-calendariodeeventos"},"_links":{"self":[{"href":"https:\/\/tveventos.tv.br\/index.php?rest_route=\/wp\/v2\/posts\/4550","targetHints":{"allow":["GET"]}}],"collection":[{"href":"https:\/\/tveventos.tv.br\/index.php?rest_route=\/wp\/v2\/posts"}],"about":[{"href":"https:\/\/tveventos.tv.br\/index.php?rest_route=\/wp\/v2\/types\/post"}],"author":[{"embeddable":true,"href":"https:\/\/tveventos.tv.br\/index.php?rest_route=\/wp\/v2\/users\/3"}],"replies":[{"embeddable":true,"href":"https:\/\/tveventos.tv.br\/index.php?rest_route=%2Fwp%2Fv2%2Fcomments&post=4550"}],"version-history":[{"count":1,"href":"https:\/\/tveventos.tv.br\/index.php?rest_route=\/wp\/v2\/posts\/4550\/revisions"}],"predecessor-version":[{"id":4554,"href":"https:\/\/tveventos.tv.br\/index.php?rest_route=\/wp\/v2\/posts\/4550\/revisions\/4554"}],"wp:featuredmedia":[{"embeddable":true,"href":"https:\/\/tveventos.tv.br\/index.php?rest_route=\/wp\/v2\/media\/4553"}],"wp:attachment":[{"href":"https:\/\/tveventos.tv.br\/index.php?rest_route=%2Fwp%2Fv2%2Fmedia&parent=4550"}],"wp:term":[{"taxonomy":"category","embeddable":true,"href":"https:\/\/tveventos.tv.br\/index.php?rest_route=%2Fwp%2Fv2%2Fcategories&post=4550"},{"taxonomy":"post_tag","embeddable":true,"href":"https:\/\/tveventos.tv.br\/index.php?rest_route=%2Fwp%2Fv2%2Ftags&post=4550"}],"curies":[{"name":"wp","href":"https:\/\/api.w.org\/{rel}","templated":true}]}}