{"id":4555,"date":"2025-04-03T16:31:08","date_gmt":"2025-04-03T19:31:08","guid":{"rendered":"https:\/\/tveventos.tv.br\/?p=4555"},"modified":"2025-04-03T16:31:09","modified_gmt":"2025-04-03T19:31:09","slug":"nt-expo","status":"publish","type":"post","link":"https:\/\/tveventos.tv.br\/?p=4555","title":{"rendered":"NT EXPO"},"content":{"rendered":"\n<p>Este evento \u00e9 o maior encontro do setor ferrovi\u00e1rio da Am\u00e9rica Latina, reunindo fornecedores, formadores de opini\u00e3o e players dos segmentos de carga e passageiro, nacionais e internacionais.<\/p>\n\n\n\n<p>O evento oferecer\u00e1 uma ampla variedade de produtos de qualidade, inova\u00e7\u00e3o, design, servi\u00e7os e conte\u00fados exclusivos de tend\u00eancias ferrovi\u00e1rias. Os visitantes poder\u00e3o explorar diferentes segmentos, como:<\/p>\n\n\n\n<ul class=\"wp-block-list\">\n<li>Infraestrutura Ferrovi\u00e1ria<\/li>\n\n\n\n<li>Ciberseguran\u00e7a<\/li>\n\n\n\n<li>Inova\u00e7\u00e3o e Sustentabilidade<\/li>\n\n\n\n<li>Integra\u00e7\u00e3o de Modais<\/li>\n\n\n\n<li>Trens Intercidades<\/li>\n\n\n\n<li>Aerom\u00f3vel<\/li>\n\n\n\n<li>Concess\u00f5es e Privatiza\u00e7\u00f5es<\/li>\n\n\n\n<li>Interliga\u00e7\u00e3o Porto-Ferrovia<\/li>\n\n\n\n<li>Log\u00edstica e Transporte Eficiente<\/li>\n<\/ul>\n\n\n\n<p>Uma das principais vantagens do NT Expo \u00e9 a oportunidade de networking. Profissionais da ind\u00fastria ferrovi\u00e1ria poder\u00e3o conectar-se, trocar experi\u00eancias e formar parcerias estrat\u00e9gicas.<\/p>\n\n\n\n<p>A confer\u00eancia incluir\u00e1 uma programa\u00e7\u00e3o de palestras e pain\u00e9is com profissionais da \u00e1rea falando sobre tend\u00eancias e novidades do mercado. Os participantes ter\u00e3o a oportunidade de aprender com especialistas e se atualizar sobre as \u00faltimas tend\u00eancias e inova\u00e7\u00f5es no setor ferrovi\u00e1rio.<\/p>\n\n\n\n<p>O NT Expo 2025 promete ser um evento emocionante e cheio de novidades para profissionais da ind\u00fastria ferrovi\u00e1ria.<\/p>\n\n\n\n<p>Junte-se a n\u00f3s nos dias 22 a 24 de Abril, das 13h \u00e0s 21h no Distrito Anhembi<\/p>\n\n\n\n<p>Endere\u00e7o: Avenida Olavo Fontoura, N\u00b0 1. 209\/Santana, S\u00e3o Paulo, SP, 02012-021<br><\/p>\n","protected":false},"excerpt":{"rendered":"<p>Este evento \u00e9 o maior encontro do setor ferrovi\u00e1rio da Am\u00e9rica Latina, reunindo fornecedores, formadores de opini\u00e3o e players dos segmentos de carga e passageiro, nacionais e internacionais. O evento oferecer\u00e1 uma ampla variedade de produtos de qualidade, inova\u00e7\u00e3o, design, servi\u00e7os e conte\u00fados exclusivos de tend\u00eancias ferrovi\u00e1rias. Os visitantes poder\u00e3o explorar diferentes segmentos, como: Uma [&hellip;]<\/p>\n","protected":false},"author":3,"featured_media":4556,"comment_status":"open","ping_status":"open","sticky":false,"template":"","format":"standard","meta":{"footnotes":""},"categories":[25],"tags":[],"class_list":{"0":"post-4555","1":"post","2":"type-post","3":"status-publish","4":"format-standard","5":"has-post-thumbnail","7":"category-calendariodeeventos"},"_links":{"self":[{"href":"https:\/\/tveventos.tv.br\/index.php?rest_route=\/wp\/v2\/posts\/4555","targetHints":{"allow":["GET"]}}],"collection":[{"href":"https:\/\/tveventos.tv.br\/index.php?rest_route=\/wp\/v2\/posts"}],"about":[{"href":"https:\/\/tveventos.tv.br\/index.php?rest_route=\/wp\/v2\/types\/post"}],"author":[{"embeddable":true,"href":"https:\/\/tveventos.tv.br\/index.php?rest_route=\/wp\/v2\/users\/3"}],"replies":[{"embeddable":true,"href":"https:\/\/tveventos.tv.br\/index.php?rest_route=%2Fwp%2Fv2%2Fcomments&post=4555"}],"version-history":[{"count":1,"href":"https:\/\/tveventos.tv.br\/index.php?rest_route=\/wp\/v2\/posts\/4555\/revisions"}],"predecessor-version":[{"id":4557,"href":"https:\/\/tveventos.tv.br\/index.php?rest_route=\/wp\/v2\/posts\/4555\/revisions\/4557"}],"wp:featuredmedia":[{"embeddable":true,"href":"https:\/\/tveventos.tv.br\/index.php?rest_route=\/wp\/v2\/media\/4556"}],"wp:attachment":[{"href":"https:\/\/tveventos.tv.br\/index.php?rest_route=%2Fwp%2Fv2%2Fmedia&parent=4555"}],"wp:term":[{"taxonomy":"category","embeddable":true,"href":"https:\/\/tveventos.tv.br\/index.php?rest_route=%2Fwp%2Fv2%2Fcategories&post=4555"},{"taxonomy":"post_tag","embeddable":true,"href":"https:\/\/tveventos.tv.br\/index.php?rest_route=%2Fwp%2Fv2%2Ftags&post=4555"}],"curies":[{"name":"wp","href":"https:\/\/api.w.org\/{rel}","templated":true}]}}