{"id":4559,"date":"2025-04-03T17:48:26","date_gmt":"2025-04-03T20:48:26","guid":{"rendered":"https:\/\/tveventos.tv.br\/?p=4559"},"modified":"2025-04-03T17:49:15","modified_gmt":"2025-04-03T20:49:15","slug":"automec","status":"publish","type":"post","link":"https:\/\/tveventos.tv.br\/?p=4559","title":{"rendered":"AUTOMEC"},"content":{"rendered":"\n<p>A Automec \u00e9 a mais completa plataforma de conex\u00e3o da comunidade de profissionais do Aftermarket Automotivo, e conta com as principais marcas de reposi\u00e7\u00e3o, manuten\u00e7\u00e3o, repara\u00e7\u00e3o, acess\u00f3rios e equipamentos automotivos para todos os tipos de ve\u00edculos.<\/p>\n\n\n\n<p>O evento tem como objetivo fortalecer as conex\u00f5es comerciais, inspirar profissionais com as novidades do setor, proporcionar um ambiente prop\u00edcio para aperfei\u00e7oamento profissional e promover oportunidades para fechamento de novos neg\u00f3cios.<\/p>\n\n\n\n<p>A Automec 2025 trar\u00e1 tamb\u00e9m uma s\u00e9rie de inova\u00e7\u00f5es digitais, com ferramentas eficazes, capazes de aumentar seu alcance e complementar sua participa\u00e7\u00e3o na feira presencial.<\/p>\n\n\n\n<p>Junte-se a n\u00f3s nos dias 22 a 26 de Abril, das 13h \u00e1s 21h e dia 26 das 09h \u00e0s 17h no S\u00e3o Paulo Expo<\/p>\n\n\n\n<p>Endere\u00e7o: Rod. dos Imigrantes 5, S\/N, km. 1, S\u00e3o Paulo, SP, 04329-900<\/p>\n\n\n\n<p><\/p>\n","protected":false},"excerpt":{"rendered":"<p>A Automec \u00e9 a mais completa plataforma de conex\u00e3o da comunidade de profissionais do Aftermarket Automotivo, e conta com as principais marcas de reposi\u00e7\u00e3o, manuten\u00e7\u00e3o, repara\u00e7\u00e3o, acess\u00f3rios e equipamentos automotivos para todos os tipos de ve\u00edculos. O evento tem como objetivo fortalecer as conex\u00f5es comerciais, inspirar profissionais com as novidades do setor, proporcionar um ambiente [&hellip;]<\/p>\n","protected":false},"author":3,"featured_media":4562,"comment_status":"open","ping_status":"open","sticky":false,"template":"","format":"standard","meta":{"footnotes":""},"categories":[25],"tags":[],"class_list":{"0":"post-4559","1":"post","2":"type-post","3":"status-publish","4":"format-standard","5":"has-post-thumbnail","7":"category-calendariodeeventos"},"_links":{"self":[{"href":"https:\/\/tveventos.tv.br\/index.php?rest_route=\/wp\/v2\/posts\/4559","targetHints":{"allow":["GET"]}}],"collection":[{"href":"https:\/\/tveventos.tv.br\/index.php?rest_route=\/wp\/v2\/posts"}],"about":[{"href":"https:\/\/tveventos.tv.br\/index.php?rest_route=\/wp\/v2\/types\/post"}],"author":[{"embeddable":true,"href":"https:\/\/tveventos.tv.br\/index.php?rest_route=\/wp\/v2\/users\/3"}],"replies":[{"embeddable":true,"href":"https:\/\/tveventos.tv.br\/index.php?rest_route=%2Fwp%2Fv2%2Fcomments&post=4559"}],"version-history":[{"count":1,"href":"https:\/\/tveventos.tv.br\/index.php?rest_route=\/wp\/v2\/posts\/4559\/revisions"}],"predecessor-version":[{"id":4561,"href":"https:\/\/tveventos.tv.br\/index.php?rest_route=\/wp\/v2\/posts\/4559\/revisions\/4561"}],"wp:featuredmedia":[{"embeddable":true,"href":"https:\/\/tveventos.tv.br\/index.php?rest_route=\/wp\/v2\/media\/4562"}],"wp:attachment":[{"href":"https:\/\/tveventos.tv.br\/index.php?rest_route=%2Fwp%2Fv2%2Fmedia&parent=4559"}],"wp:term":[{"taxonomy":"category","embeddable":true,"href":"https:\/\/tveventos.tv.br\/index.php?rest_route=%2Fwp%2Fv2%2Fcategories&post=4559"},{"taxonomy":"post_tag","embeddable":true,"href":"https:\/\/tveventos.tv.br\/index.php?rest_route=%2Fwp%2Fv2%2Ftags&post=4559"}],"curies":[{"name":"wp","href":"https:\/\/api.w.org\/{rel}","templated":true}]}}