{"id":4563,"date":"2025-04-03T18:07:39","date_gmt":"2025-04-03T21:07:39","guid":{"rendered":"https:\/\/tveventos.tv.br\/?p=4563"},"modified":"2025-04-03T18:07:40","modified_gmt":"2025-04-03T21:07:40","slug":"copa-saesp","status":"publish","type":"post","link":"https:\/\/tveventos.tv.br\/?p=4563","title":{"rendered":"COPA SAESP"},"content":{"rendered":"\n<p>O COPA SAESP mant\u00e9m-se como um dos principais eventos mundiais de anestesiologia, oferecendo conte\u00fado cient\u00edfico e t\u00e9cnico inovador para uma atualiza\u00e7\u00e3o de qualidade.<\/p>\n\n\n\n<p>No COPA SAESP, tanto acad\u00eamicos de medicina e m\u00e9dicos em especializa\u00e7\u00e3o quanto especialistas experientes, t\u00eam a oportunidade de aprender, se atualizar e explorar os temas mais atuais da anestesiologia nacional e mundial!<\/p>\n\n\n\n<p>Reconhecido globalmente, o COPA SAESP traz os melhores palestrantes para enriquecer sua atualiza\u00e7\u00e3o cient\u00edfica, garantindo uma experi\u00eancia completa e enriquecedora.<\/p>\n\n\n\n<p>Al\u00e9m da Programa\u00e7\u00e3o Cient\u00edfica que j\u00e1 \u00e9 refer\u00eancia entre os congressos da especialidade, este COPA SAESP ter\u00e1 muitas atividades sociais, com um espa\u00e7o \u201cnovo\u201d reservado para as festas e happy hours.<\/p>\n\n\n\n<p>Junte-se a n\u00f3s nos dias 24 a 27 de Abril, das 8h \u00e0s 18h no Transamerica Expo Center<\/p>\n\n\n\n<p>Endere\u00e7o: Av. Dr. M\u00e1rio Vilas Boas Rodrigues 387, S\u00e3o Paulo, SP, 04757-020<\/p>\n\n\n\n<p><\/p>\n","protected":false},"excerpt":{"rendered":"<p>O COPA SAESP mant\u00e9m-se como um dos principais eventos mundiais de anestesiologia, oferecendo conte\u00fado cient\u00edfico e t\u00e9cnico inovador para uma atualiza\u00e7\u00e3o de qualidade. No COPA SAESP, tanto acad\u00eamicos de medicina e m\u00e9dicos em especializa\u00e7\u00e3o quanto especialistas experientes, t\u00eam a oportunidade de aprender, se atualizar e explorar os temas mais atuais da anestesiologia nacional e mundial! [&hellip;]<\/p>\n","protected":false},"author":3,"featured_media":4564,"comment_status":"open","ping_status":"open","sticky":false,"template":"","format":"standard","meta":{"footnotes":""},"categories":[25],"tags":[],"class_list":{"0":"post-4563","1":"post","2":"type-post","3":"status-publish","4":"format-standard","5":"has-post-thumbnail","7":"category-calendariodeeventos"},"_links":{"self":[{"href":"https:\/\/tveventos.tv.br\/index.php?rest_route=\/wp\/v2\/posts\/4563","targetHints":{"allow":["GET"]}}],"collection":[{"href":"https:\/\/tveventos.tv.br\/index.php?rest_route=\/wp\/v2\/posts"}],"about":[{"href":"https:\/\/tveventos.tv.br\/index.php?rest_route=\/wp\/v2\/types\/post"}],"author":[{"embeddable":true,"href":"https:\/\/tveventos.tv.br\/index.php?rest_route=\/wp\/v2\/users\/3"}],"replies":[{"embeddable":true,"href":"https:\/\/tveventos.tv.br\/index.php?rest_route=%2Fwp%2Fv2%2Fcomments&post=4563"}],"version-history":[{"count":1,"href":"https:\/\/tveventos.tv.br\/index.php?rest_route=\/wp\/v2\/posts\/4563\/revisions"}],"predecessor-version":[{"id":4565,"href":"https:\/\/tveventos.tv.br\/index.php?rest_route=\/wp\/v2\/posts\/4563\/revisions\/4565"}],"wp:featuredmedia":[{"embeddable":true,"href":"https:\/\/tveventos.tv.br\/index.php?rest_route=\/wp\/v2\/media\/4564"}],"wp:attachment":[{"href":"https:\/\/tveventos.tv.br\/index.php?rest_route=%2Fwp%2Fv2%2Fmedia&parent=4563"}],"wp:term":[{"taxonomy":"category","embeddable":true,"href":"https:\/\/tveventos.tv.br\/index.php?rest_route=%2Fwp%2Fv2%2Fcategories&post=4563"},{"taxonomy":"post_tag","embeddable":true,"href":"https:\/\/tveventos.tv.br\/index.php?rest_route=%2Fwp%2Fv2%2Ftags&post=4563"}],"curies":[{"name":"wp","href":"https:\/\/api.w.org\/{rel}","templated":true}]}}