{"id":4568,"date":"2025-04-03T18:20:57","date_gmt":"2025-04-03T21:20:57","guid":{"rendered":"https:\/\/tveventos.tv.br\/?p=4568"},"modified":"2025-04-03T18:32:36","modified_gmt":"2025-04-03T21:32:36","slug":"sp-arte-ganha-experiencia-inedita-que-da-som-as-emocoes-das-obras-para-pessoas-com-deficiencia-visual","status":"publish","type":"post","link":"https:\/\/tveventos.tv.br\/?p=4568","title":{"rendered":"SP-Arte proporciona experi\u00eancia que d\u00e1 som \u00e0s obras para pessoas com defici\u00eancia visual"},"content":{"rendered":"\n<p><em>Projeto &#8220;Al\u00e9m da tela&#8221; prop\u00f5e nova forma de sentir arte com som \u00e0s pinturas<\/em><\/p>\n\n\n\n<p>Durante a&nbsp;<strong>SP-Arte 2025<\/strong>, maior feira de arte da Am\u00e9rica Latina e respons\u00e1vel pelo faturamento de 30% de todas as vendas de arte no Brasil, um projeto in\u00e9dito busca ampliar o acesso \u00e0 arte para pessoas com defici\u00eancia visual. O&nbsp;<strong>\u201cAl\u00e9m da tela\u201d<\/strong>, \u00e9 uma iniciativa da Galeria Contempo em parceria com a ag\u00eancia Talent, que prop\u00f5e uma nova forma de vivenciar obras visuais: a&nbsp;<strong>audioimers\u00e3o<\/strong>.<\/p>\n\n\n\n<p>Mais de 6,5 milh\u00f5es de brasileiros t\u00eam algum grau de defici\u00eancia visual, segundo o Censo do IBGE de 2022. Para esse p\u00fablico, a visita a uma galeria geralmente se limita \u00e0 audiodescri\u00e7\u00e3o, um recurso importante, por\u00e9m objetivo que apenas descreve o que est\u00e1 na imagem. Mas uma pintura vai muito al\u00e9m de cores e formas, cada tela carrega uma emo\u00e7\u00e3o, uma inten\u00e7\u00e3o e por tr\u00e1s de cada pincelada, cada tra\u00e7o traz um sentimento.<\/p>\n\n\n\n<p>A proposta da audioimers\u00e3o \u00e9 justamente essa: traduzir emo\u00e7\u00f5es em som. Por meio de trilhas e efeitos sonoros especiais, o p\u00fablico \u00e9 conduzido a uma experi\u00eancia sensorial imersiva, capaz de comunicar o que os olhos n\u00e3o veem, mas o cora\u00e7\u00e3o sente. Para desenvolver esses sons, os pr\u00f3prios artistas foram consultados.<\/p>\n\n\n\n<p>O conte\u00fado \u00e9 acessado por QR Codes acess\u00edveis posicionados ao lado das obras e pode ser ouvido por qualquer visitante, com a ajuda de facilitadores da feira que indicar\u00e3o os trabalhos com o recurso dispon\u00edvel. O projeto \u00e9 complementar \u00e0 audiodescri\u00e7\u00e3o que tamb\u00e9m poder\u00e1 ser acessado via QR Code disponibilizado ao lado das telas.<\/p>\n\n\n\n<p>Entre os artistas participantes est\u00e3o nomes como Aldir Mendes de Souza, reconhecido por sua intensa rela\u00e7\u00e3o com a paisagem brasileira e com passagens marcantes pela Bienal de S\u00e3o Paulo; U\u00e9slei Fagundes, cuja pesquisa pict\u00f3rica resgata a mem\u00f3ria e os materiais do cotidiano; Pavel Herrera, artista cubano que explora o fen\u00f4meno da insularidade em pinturas expressivas; e Greta Coutinho, que transita entre a fotografia, a literatura e as artes pl\u00e1sticas para construir narrativas visuais potentes. Cada obra selecionada contribui com uma carga emocional \u00fanica, amplificada pela experi\u00eancia sonora proposta.<\/p>\n\n\n\n<p>A iniciativa poder\u00e1 ser conferida de 03 a 06 de abril, na SP-Arte, e est\u00e1 aberta \u00e0 cobertura da imprensa interessada em pautas sobre arte, acessibilidade e inova\u00e7\u00e3o.<\/p>\n\n\n\n<p>*talent*<\/p>\n","protected":false},"excerpt":{"rendered":"<p>Projeto &#8220;Al\u00e9m da tela&#8221; prop\u00f5e nova forma de sentir arte com som \u00e0s pinturas Durante a&nbsp;SP-Arte 2025, maior feira de arte da Am\u00e9rica Latina e respons\u00e1vel pelo faturamento de 30% de todas as vendas de arte no Brasil, um projeto in\u00e9dito busca ampliar o acesso \u00e0 arte para pessoas com defici\u00eancia visual. O&nbsp;\u201cAl\u00e9m da tela\u201d, [&hellip;]<\/p>\n","protected":false},"author":3,"featured_media":4571,"comment_status":"open","ping_status":"open","sticky":false,"template":"","format":"standard","meta":{"footnotes":""},"categories":[23],"tags":[],"class_list":{"0":"post-4568","1":"post","2":"type-post","3":"status-publish","4":"format-standard","5":"has-post-thumbnail","7":"category-feirasdenegocios"},"_links":{"self":[{"href":"https:\/\/tveventos.tv.br\/index.php?rest_route=\/wp\/v2\/posts\/4568","targetHints":{"allow":["GET"]}}],"collection":[{"href":"https:\/\/tveventos.tv.br\/index.php?rest_route=\/wp\/v2\/posts"}],"about":[{"href":"https:\/\/tveventos.tv.br\/index.php?rest_route=\/wp\/v2\/types\/post"}],"author":[{"embeddable":true,"href":"https:\/\/tveventos.tv.br\/index.php?rest_route=\/wp\/v2\/users\/3"}],"replies":[{"embeddable":true,"href":"https:\/\/tveventos.tv.br\/index.php?rest_route=%2Fwp%2Fv2%2Fcomments&post=4568"}],"version-history":[{"count":2,"href":"https:\/\/tveventos.tv.br\/index.php?rest_route=\/wp\/v2\/posts\/4568\/revisions"}],"predecessor-version":[{"id":4579,"href":"https:\/\/tveventos.tv.br\/index.php?rest_route=\/wp\/v2\/posts\/4568\/revisions\/4579"}],"wp:featuredmedia":[{"embeddable":true,"href":"https:\/\/tveventos.tv.br\/index.php?rest_route=\/wp\/v2\/media\/4571"}],"wp:attachment":[{"href":"https:\/\/tveventos.tv.br\/index.php?rest_route=%2Fwp%2Fv2%2Fmedia&parent=4568"}],"wp:term":[{"taxonomy":"category","embeddable":true,"href":"https:\/\/tveventos.tv.br\/index.php?rest_route=%2Fwp%2Fv2%2Fcategories&post=4568"},{"taxonomy":"post_tag","embeddable":true,"href":"https:\/\/tveventos.tv.br\/index.php?rest_route=%2Fwp%2Fv2%2Ftags&post=4568"}],"curies":[{"name":"wp","href":"https:\/\/api.w.org\/{rel}","templated":true}]}}