{"id":4570,"date":"2025-04-03T18:25:42","date_gmt":"2025-04-03T21:25:42","guid":{"rendered":"https:\/\/tveventos.tv.br\/?p=4570"},"modified":"2025-04-03T18:25:43","modified_gmt":"2025-04-03T21:25:43","slug":"enics-2025","status":"publish","type":"post","link":"https:\/\/tveventos.tv.br\/?p=4570","title":{"rendered":"ENICS 2025"},"content":{"rendered":"\n<p>O maior evento de inova\u00e7\u00e3o na constru\u00e7\u00e3o do Brasil. Dois dias intensos de conhecimento, networking e inova\u00e7\u00f5es que v\u00e3o transformar o futuro da constru\u00e7\u00e3o civil com foco em solu\u00e7\u00f5es inteligentes e sustentabilidade e o impacto de tecnologias de ponta no nosso mercado.<\/p>\n\n\n\n<p>O Encontro Nacional de Inova\u00e7\u00e3o na Constru\u00e7\u00e3o a Seco \u00e9 o maior evento do segmento com o prop\u00f3sito de romper todos os limites que ainda tentam segurar a expans\u00e3o do mercado da constru\u00e7\u00e3o a seco no Brasil. Mostramos a todo o pa\u00eds a evolu\u00e7\u00e3o na maneira de construir e todas as solu\u00e7\u00f5es para as dores de um mercado que parou no tempo e se prendeu ao convencional.<\/p>\n\n\n\n<p>Junte-se a n\u00f3s nos dias 24 a 25 de Abril, das 10h \u00e0s 18:30h e dia 25 das 10h \u00e0s 19h no Expo Center Norte<\/p>\n\n\n\n<p>Endere\u00e7o: Rua Jos\u00e9 Bernardo Pinto 333, S\u00e3o Paulo, SP, 02055-000<\/p>\n","protected":false},"excerpt":{"rendered":"<p>O maior evento de inova\u00e7\u00e3o na constru\u00e7\u00e3o do Brasil. Dois dias intensos de conhecimento, networking e inova\u00e7\u00f5es que v\u00e3o transformar o futuro da constru\u00e7\u00e3o civil com foco em solu\u00e7\u00f5es inteligentes e sustentabilidade e o impacto de tecnologias de ponta no nosso mercado. O Encontro Nacional de Inova\u00e7\u00e3o na Constru\u00e7\u00e3o a Seco \u00e9 o maior evento [&hellip;]<\/p>\n","protected":false},"author":3,"featured_media":4573,"comment_status":"open","ping_status":"open","sticky":false,"template":"","format":"standard","meta":{"footnotes":""},"categories":[25],"tags":[],"class_list":{"0":"post-4570","1":"post","2":"type-post","3":"status-publish","4":"format-standard","5":"has-post-thumbnail","7":"category-calendariodeeventos"},"_links":{"self":[{"href":"https:\/\/tveventos.tv.br\/index.php?rest_route=\/wp\/v2\/posts\/4570","targetHints":{"allow":["GET"]}}],"collection":[{"href":"https:\/\/tveventos.tv.br\/index.php?rest_route=\/wp\/v2\/posts"}],"about":[{"href":"https:\/\/tveventos.tv.br\/index.php?rest_route=\/wp\/v2\/types\/post"}],"author":[{"embeddable":true,"href":"https:\/\/tveventos.tv.br\/index.php?rest_route=\/wp\/v2\/users\/3"}],"replies":[{"embeddable":true,"href":"https:\/\/tveventos.tv.br\/index.php?rest_route=%2Fwp%2Fv2%2Fcomments&post=4570"}],"version-history":[{"count":1,"href":"https:\/\/tveventos.tv.br\/index.php?rest_route=\/wp\/v2\/posts\/4570\/revisions"}],"predecessor-version":[{"id":4574,"href":"https:\/\/tveventos.tv.br\/index.php?rest_route=\/wp\/v2\/posts\/4570\/revisions\/4574"}],"wp:featuredmedia":[{"embeddable":true,"href":"https:\/\/tveventos.tv.br\/index.php?rest_route=\/wp\/v2\/media\/4573"}],"wp:attachment":[{"href":"https:\/\/tveventos.tv.br\/index.php?rest_route=%2Fwp%2Fv2%2Fmedia&parent=4570"}],"wp:term":[{"taxonomy":"category","embeddable":true,"href":"https:\/\/tveventos.tv.br\/index.php?rest_route=%2Fwp%2Fv2%2Fcategories&post=4570"},{"taxonomy":"post_tag","embeddable":true,"href":"https:\/\/tveventos.tv.br\/index.php?rest_route=%2Fwp%2Fv2%2Ftags&post=4570"}],"curies":[{"name":"wp","href":"https:\/\/api.w.org\/{rel}","templated":true}]}}