{"id":4578,"date":"2025-04-03T18:37:02","date_gmt":"2025-04-03T21:37:02","guid":{"rendered":"https:\/\/tveventos.tv.br\/?p=4578"},"modified":"2025-04-03T18:37:03","modified_gmt":"2025-04-03T21:37:03","slug":"opera","status":"publish","type":"post","link":"https:\/\/tveventos.tv.br\/?p=4578","title":{"rendered":"\u00d3PERA"},"content":{"rendered":"\n<p>Com mais de 150 marcas nacionais e internacionais, a feira se consolida como um dos maiores eventos do setor, reunindo expositores e lojistas de todo pa\u00eds, com foco no p\u00fablico A e B.<\/p>\n\n\n\n<p>O \u00d3pera permite aos visitantes conhecerem marcas de grande representatividade dos segmentos de decora\u00e7\u00e3o, enxoval, moda materna, baby, kids e teen, cal\u00e7ados, acess\u00f3rios, puericultura leve e pesada, beachwear e underwear. \u201cO mix de produtos \u00e9 pensado de forma que o lojista encontre tudo o que precisa desde o nascimento do beb\u00ea; e a miss\u00e3o da Feira \u00d3pera \u00e9 trazer sempre novas marcas e inova\u00e7\u00f5es do setor\u201d, cita Fernanda Menezes, diretora comercial.<\/p>\n\n\n\n<p>A Feira \u00d3pera apresenta duas vezes ao ano as cole\u00e7\u00f5es das melhores marcas de todo o segmento baby, kids &amp; teen. Ao visitar a feira, voc\u00ea tem acesso a novos fornecedores, conhece com exclusividade os lan\u00e7amentos e j\u00e1 pode efetuar os pedidos para sua loja.<\/p>\n\n\n\n<p>S\u00e3o mais de 150 marcas: moda materna, baby, kids &amp; teen, cal\u00e7ados, acess\u00f3rios, joias, enxoval, decora\u00e7\u00e3o, mobili\u00e1rio, papelaria, puericultura, maternidade e muito mais.<\/p>\n\n\n\n<p>Junte-se a n\u00f3s nos dias 26 a 28 de Abril, das 09h \u00e0s 19h e dia 28 das 09h \u00e0s 17h no Pro Magno<\/p>\n\n\n\n<p>Endere\u00e7o: Av. Pfa. Ida Kolb, 513 &#8211; Jardim das Laranjeiras, S\u00e3o Paulo &#8211; SP, 02518-000<\/p>\n\n\n\n<p><\/p>\n","protected":false},"excerpt":{"rendered":"<p>Com mais de 150 marcas nacionais e internacionais, a feira se consolida como um dos maiores eventos do setor, reunindo expositores e lojistas de todo pa\u00eds, com foco no p\u00fablico A e B. O \u00d3pera permite aos visitantes conhecerem marcas de grande representatividade dos segmentos de decora\u00e7\u00e3o, enxoval, moda materna, baby, kids e teen, cal\u00e7ados, [&hellip;]<\/p>\n","protected":false},"author":3,"featured_media":4580,"comment_status":"open","ping_status":"open","sticky":false,"template":"","format":"standard","meta":{"footnotes":""},"categories":[25],"tags":[],"class_list":{"0":"post-4578","1":"post","2":"type-post","3":"status-publish","4":"format-standard","5":"has-post-thumbnail","7":"category-calendariodeeventos"},"_links":{"self":[{"href":"https:\/\/tveventos.tv.br\/index.php?rest_route=\/wp\/v2\/posts\/4578","targetHints":{"allow":["GET"]}}],"collection":[{"href":"https:\/\/tveventos.tv.br\/index.php?rest_route=\/wp\/v2\/posts"}],"about":[{"href":"https:\/\/tveventos.tv.br\/index.php?rest_route=\/wp\/v2\/types\/post"}],"author":[{"embeddable":true,"href":"https:\/\/tveventos.tv.br\/index.php?rest_route=\/wp\/v2\/users\/3"}],"replies":[{"embeddable":true,"href":"https:\/\/tveventos.tv.br\/index.php?rest_route=%2Fwp%2Fv2%2Fcomments&post=4578"}],"version-history":[{"count":1,"href":"https:\/\/tveventos.tv.br\/index.php?rest_route=\/wp\/v2\/posts\/4578\/revisions"}],"predecessor-version":[{"id":4581,"href":"https:\/\/tveventos.tv.br\/index.php?rest_route=\/wp\/v2\/posts\/4578\/revisions\/4581"}],"wp:featuredmedia":[{"embeddable":true,"href":"https:\/\/tveventos.tv.br\/index.php?rest_route=\/wp\/v2\/media\/4580"}],"wp:attachment":[{"href":"https:\/\/tveventos.tv.br\/index.php?rest_route=%2Fwp%2Fv2%2Fmedia&parent=4578"}],"wp:term":[{"taxonomy":"category","embeddable":true,"href":"https:\/\/tveventos.tv.br\/index.php?rest_route=%2Fwp%2Fv2%2Fcategories&post=4578"},{"taxonomy":"post_tag","embeddable":true,"href":"https:\/\/tveventos.tv.br\/index.php?rest_route=%2Fwp%2Fv2%2Ftags&post=4578"}],"curies":[{"name":"wp","href":"https:\/\/api.w.org\/{rel}","templated":true}]}}