{"id":458,"date":"2023-10-30T11:29:41","date_gmt":"2023-10-30T14:29:41","guid":{"rendered":"https:\/\/tveventos.tv.br\/?p=458"},"modified":"2023-10-30T11:29:44","modified_gmt":"2023-10-30T14:29:44","slug":"congresso-internacional-de-tintas-tera-sustentabilidade-como-foco-principal","status":"publish","type":"post","link":"https:\/\/tveventos.tv.br\/?p=458","title":{"rendered":"Congresso Internacional de Tintas ter\u00e1 sustentabilidade como foco principal"},"content":{"rendered":"\n<p>O <strong>Abrafati Show<\/strong> sediar\u00e1 em 2023, mais uma vez, o Congresso Internacional de Tintas, que ser\u00e1 realizado entre os dias 21 e 23 de novembro, das 11h \u00e0s 17h, no S\u00e3o Paulo Expo. O encontro reunir\u00e1 mais de 90 especialistas para apresentar a vanguarda das pesquisas desenvolvidas na ind\u00fastria e na universidade, al\u00e9m das novidades que ir\u00e3o promover o aumento da qualidade e da capacita\u00e7\u00e3o dos profissionais da \u00e1rea de tintas. Entre os temas, destaque nesta edi\u00e7\u00e3o para a sustentabilidade. De acordo com pesquisa da VisualGPS, plataforma de insights criativos da iStock, o assunto \u00e9 de extrema import\u00e2ncia para 92% dos brasileiros, o que mobiliza as ind\u00fastrias a investirem nessa \u00e1rea.\u00a0<\/p>\n\n\n\n<p>\u201cO Congresso permite aos inscritos desfrutar de uma vis\u00e3o abrangente do que existe de mais inovador em termos de mat\u00e9ria-prima, formula\u00e7\u00e3o, tecnologia e funcionalidades. E, este ano, a sustentabilidade ser\u00e1 novamente um tema central na programa\u00e7\u00e3o. Os palestrantes apresentar\u00e3o conhecimentos aprofundados ao p\u00fablico e um vislumbre das tend\u00eancias de tecnologias e produtos para a inova\u00e7\u00e3o em produtos e para oferecer tintas cada vez mais avan\u00e7adas para consumidores, mercado e sociedade\u201d, afirma Fabio Humberg, Diretor de Comunica\u00e7\u00e3o e Rela\u00e7\u00f5es Institucionais da Abrafati, a Associa\u00e7\u00e3o Brasileira dos Fabricantes de Tintas.<\/p>\n\n\n\n<p>A tem\u00e1tica sustentabilidade dominar\u00e1 as apresenta\u00e7\u00f5es desde o primeiro dia. S\u00f3 em 21 de novembro, ao menos 11 das 30 palestras abordar\u00e3o o assunto. Jim Reader vir\u00e1 dos Estados Unidos, pela&nbsp; Evonik, para falar sobre o aumento de durabilidade como aspecto sustent\u00e1vel em revestimentos \u00e0 base de \u00e1gua. No mesmo dia, Juliane Santos, da Indorama Ventures, abordar\u00e1 a sustentabilidade orientada a novos desenvolvimentos na ind\u00fastria de revestimentos. Suelbi Silva, da Braskem, vai tratar o desenvolvimento de sistema solvente sustent\u00e1vel via Intelig\u00eancia Artificial \u2013 outro tema de relev\u00e2ncia nesta edi\u00e7\u00e3o da feira. J\u00e1 Decio Fernandes Lima, da BASF, far\u00e1 uma apresenta\u00e7\u00e3o sobre como combinar desempenho e sustentabilidade em revestimentos \u00e0 base de \u00e1gua.<\/p>\n\n\n\n<p>Entre os especialistas selecionados para o evento est\u00e3o representantes de mais de 10 pa\u00edses, como Estados Unidos, Fran\u00e7a, Espanha, Alemanha e Holanda. \u201cTeremos este ano um conjunto de estudos de alto n\u00edvel e de perfil inovador, com especialistas e pesquisas que buscam responder \u00e0s demandas atuais de crescimento e desenvolvimento sustent\u00e1vel da cadeia de tintas. Esse encontro de executivos, especialistas e profissionais do setor promove uma rica troca, que se traduz em avan\u00e7os em toda a cadeia de neg\u00f3cios\u201d, afirma Alexandre Brown, Diretor de Neg\u00f3cios da N\u00fcrnbergMesse Brasil, organizadora do evento.<\/p>\n\n\n\n<p>O congresso ter\u00e1 in\u00edcio diariamente \u00e0s 9h15 com uma Sess\u00e3o Plen\u00e1ria. Os palestrantes dessas sess\u00f5es ser\u00e3o os convidados especiais Daniel Murad, CEO do The ChemQuest Group, Inc.; Daniel Geiger Campos, Presidente da AkzoNobel para Am\u00e9rica Latina; e Marcos Allemann, Vice-Presidente de Tintas Decorativas para Am\u00e9rica do Sul e Presidente do Conselho Diretivo da Abrafati. Das 8h \u00e0s 9h15 tamb\u00e9m estar\u00e3o dispon\u00edveis minicursos. A programa\u00e7\u00e3o completa, com a \u00e1rea de inscri\u00e7\u00f5es, est\u00e1 no&nbsp;<a href=\"https:\/\/www.abrafatishow.com.br\/atracoes\/congresso-internacional-de-tintas\" target=\"_blank\" rel=\"noreferrer noopener\">site<\/a>&nbsp;do Abrafati Show.<\/p>\n\n\n\n<p><strong>SERVI\u00c7O<\/strong><\/p>\n\n\n\n<p><strong>18\u00ba ABRAFATI SHOW<\/strong><\/p>\n\n\n\n<p><strong>Data:<\/strong>&nbsp;21 a 23 de novembro de 2023<br><strong>Hor\u00e1rio:<\/strong>&nbsp;11h \u00e0s 20h<br><strong>Local:<\/strong>&nbsp;S\u00e3o Paulo Expo<br><strong>Endere\u00e7o:<\/strong>&nbsp;Rodovia dos Imigrantes, 1,5 km \u2013 S\u00e3o Paulo (SP)<\/p>\n","protected":false},"excerpt":{"rendered":"<p>O Abrafati Show sediar\u00e1 em 2023, mais uma vez, o Congresso Internacional de Tintas, que ser\u00e1 realizado entre os dias 21 e 23 de novembro, das 11h \u00e0s 17h, no S\u00e3o Paulo Expo. O encontro reunir\u00e1 mais de 90 especialistas para apresentar a vanguarda das pesquisas desenvolvidas na ind\u00fastria e na universidade, al\u00e9m das novidades [&hellip;]<\/p>\n","protected":false},"author":2,"featured_media":459,"comment_status":"open","ping_status":"open","sticky":false,"template":"","format":"standard","meta":{"footnotes":""},"categories":[1],"tags":[],"class_list":{"0":"post-458","1":"post","2":"type-post","3":"status-publish","4":"format-standard","5":"has-post-thumbnail","7":"category-workshopsepalestras"},"_links":{"self":[{"href":"https:\/\/tveventos.tv.br\/index.php?rest_route=\/wp\/v2\/posts\/458","targetHints":{"allow":["GET"]}}],"collection":[{"href":"https:\/\/tveventos.tv.br\/index.php?rest_route=\/wp\/v2\/posts"}],"about":[{"href":"https:\/\/tveventos.tv.br\/index.php?rest_route=\/wp\/v2\/types\/post"}],"author":[{"embeddable":true,"href":"https:\/\/tveventos.tv.br\/index.php?rest_route=\/wp\/v2\/users\/2"}],"replies":[{"embeddable":true,"href":"https:\/\/tveventos.tv.br\/index.php?rest_route=%2Fwp%2Fv2%2Fcomments&post=458"}],"version-history":[{"count":1,"href":"https:\/\/tveventos.tv.br\/index.php?rest_route=\/wp\/v2\/posts\/458\/revisions"}],"predecessor-version":[{"id":460,"href":"https:\/\/tveventos.tv.br\/index.php?rest_route=\/wp\/v2\/posts\/458\/revisions\/460"}],"wp:featuredmedia":[{"embeddable":true,"href":"https:\/\/tveventos.tv.br\/index.php?rest_route=\/wp\/v2\/media\/459"}],"wp:attachment":[{"href":"https:\/\/tveventos.tv.br\/index.php?rest_route=%2Fwp%2Fv2%2Fmedia&parent=458"}],"wp:term":[{"taxonomy":"category","embeddable":true,"href":"https:\/\/tveventos.tv.br\/index.php?rest_route=%2Fwp%2Fv2%2Fcategories&post=458"},{"taxonomy":"post_tag","embeddable":true,"href":"https:\/\/tveventos.tv.br\/index.php?rest_route=%2Fwp%2Fv2%2Ftags&post=458"}],"curies":[{"name":"wp","href":"https:\/\/api.w.org\/{rel}","templated":true}]}}