{"id":4582,"date":"2025-04-07T14:04:54","date_gmt":"2025-04-07T17:04:54","guid":{"rendered":"https:\/\/tveventos.tv.br\/?p=4582"},"modified":"2025-04-07T16:41:04","modified_gmt":"2025-04-07T19:41:04","slug":"feicon-2025-tem-inicio-nesta-terca-feira-8-de-abril-com-a-presenca-do-presidente-lula","status":"publish","type":"post","link":"https:\/\/tveventos.tv.br\/?p=4582","title":{"rendered":"FEICON 2025 tem in\u00edcio nesta ter\u00e7a-feira, 8 de abril, com a presen\u00e7a do presidente Lula"},"content":{"rendered":"\n<p><em>Comitiva integra ainda os ministros das Cidades, Casa Civil, Trabalho e Emprego, Empreendedorismo, AGU e o presidente do STF, que v\u00e3o conhecer o evento e as solu\u00e7\u00f5es sustent\u00e1veis, tecnol\u00f3gicas e econ\u00f4micas pra o setor da constru\u00e7\u00e3o civil<\/em><\/p>\n\n\n\n<p>Maior feira da constru\u00e7\u00e3o civil da Am\u00e9rica Latina, a FEICON 2025, come\u00e7a nesta ter\u00e7a-feira, dia 8, no S\u00e3o Paulo Expo na capital paulista, trazendo as refer\u00eancias do setor que hoje representa cerca de 6,4% do PIB brasileiro e movimentou R$ 604,5 bilh\u00f5es em 2023, empregando mais de 12,4 milh\u00f5es de pessoas direta e indiretamente no pa\u00eds, sendo um dos principais motores da economia, segundo estudo da Associa\u00e7\u00e3o Brasileira da Ind\u00fastria de Materiais de Constru\u00e7\u00e3o (Abramat) em parceria com a Funda\u00e7\u00e3o Get\u00falio Vargas (FGV).<\/p>\n\n\n\n<p>A cerim\u00f4nia de abertura ser\u00e1 \u00e0s 9h30, com presen\u00e7a confirmada do presidente Luiz In\u00e1cio Lula da Silva. Tamb\u00e9m est\u00e3o confirmados os ministros Jader Barbalho Filho (Cidades); Rui Costa dos Santos (Casa Civil); Lu\u00eds Roberto Barroso (presidente do Supremo Tribunal Federal &#8211; STF); Jorge Rodrigo Ara\u00fajo Messias (AGU); Luiz Marinho da Silva (Trabalho e Emprego); M\u00e1rcio Fran\u00e7a (Empreendedorismo); al\u00e9m de convidados e parceiros do evento.<\/p>\n\n\n\n<p>A FEICON re\u00fane mais de mil marcas expositoras, visitantes\/compradores de 70 pa\u00edses e uma programa\u00e7\u00e3o com mais de 200 horas de conte\u00fado t\u00e9cnico e de gest\u00e3o voltado para inova\u00e7\u00e3o, sustentabilidade e neg\u00f3cios.<\/p>\n\n\n\n<p>Entre as novidades da 29\u00aa edi\u00e7\u00e3o h\u00e1 a estreia da FEICONFERENCE, a primeira Confer\u00eancia Internacional de Constru\u00e7\u00e3o e Arquitetura, um evento que re\u00fane especialistas, empresas e profissionais do setor para discutir tend\u00eancias, inova\u00e7\u00e3o, sustentabilidade, tecnologia e o futuro da constru\u00e7\u00e3o civil no Brasil e no mundo e tem uma programa\u00e7\u00e3o de palestras, pain\u00e9is e debates com nomes relevantes do setor, incluindo arquitetos, engenheiros, representantes do governo, grandes marcas e startups.<\/p>\n\n\n\n<p>A expectativa da FEICON 2025 \u00e9 receber mais de 100 mil visitantes, vindos de 70 pa\u00edses, at\u00e9 o dia 11 de abril.<\/p>\n","protected":false},"excerpt":{"rendered":"<p>Comitiva integra ainda os ministros das Cidades, Casa Civil, Trabalho e Emprego, Empreendedorismo, AGU e o presidente do STF, que v\u00e3o conhecer o evento e as solu\u00e7\u00f5es sustent\u00e1veis, tecnol\u00f3gicas e econ\u00f4micas pra o setor da constru\u00e7\u00e3o civil Maior feira da constru\u00e7\u00e3o civil da Am\u00e9rica Latina, a FEICON 2025, come\u00e7a nesta ter\u00e7a-feira, dia 8, no S\u00e3o [&hellip;]<\/p>\n","protected":false},"author":3,"featured_media":4593,"comment_status":"open","ping_status":"open","sticky":false,"template":"","format":"standard","meta":{"footnotes":""},"categories":[23],"tags":[],"class_list":{"0":"post-4582","1":"post","2":"type-post","3":"status-publish","4":"format-standard","5":"has-post-thumbnail","7":"category-feirasdenegocios"},"_links":{"self":[{"href":"https:\/\/tveventos.tv.br\/index.php?rest_route=\/wp\/v2\/posts\/4582","targetHints":{"allow":["GET"]}}],"collection":[{"href":"https:\/\/tveventos.tv.br\/index.php?rest_route=\/wp\/v2\/posts"}],"about":[{"href":"https:\/\/tveventos.tv.br\/index.php?rest_route=\/wp\/v2\/types\/post"}],"author":[{"embeddable":true,"href":"https:\/\/tveventos.tv.br\/index.php?rest_route=\/wp\/v2\/users\/3"}],"replies":[{"embeddable":true,"href":"https:\/\/tveventos.tv.br\/index.php?rest_route=%2Fwp%2Fv2%2Fcomments&post=4582"}],"version-history":[{"count":1,"href":"https:\/\/tveventos.tv.br\/index.php?rest_route=\/wp\/v2\/posts\/4582\/revisions"}],"predecessor-version":[{"id":4584,"href":"https:\/\/tveventos.tv.br\/index.php?rest_route=\/wp\/v2\/posts\/4582\/revisions\/4584"}],"wp:featuredmedia":[{"embeddable":true,"href":"https:\/\/tveventos.tv.br\/index.php?rest_route=\/wp\/v2\/media\/4593"}],"wp:attachment":[{"href":"https:\/\/tveventos.tv.br\/index.php?rest_route=%2Fwp%2Fv2%2Fmedia&parent=4582"}],"wp:term":[{"taxonomy":"category","embeddable":true,"href":"https:\/\/tveventos.tv.br\/index.php?rest_route=%2Fwp%2Fv2%2Fcategories&post=4582"},{"taxonomy":"post_tag","embeddable":true,"href":"https:\/\/tveventos.tv.br\/index.php?rest_route=%2Fwp%2Fv2%2Ftags&post=4582"}],"curies":[{"name":"wp","href":"https:\/\/api.w.org\/{rel}","templated":true}]}}