{"id":4585,"date":"2025-04-07T15:32:49","date_gmt":"2025-04-07T18:32:49","guid":{"rendered":"https:\/\/tveventos.tv.br\/?p=4585"},"modified":"2025-04-07T15:32:50","modified_gmt":"2025-04-07T18:32:50","slug":"fit-0-16","status":"publish","type":"post","link":"https:\/\/tveventos.tv.br\/?p=4585","title":{"rendered":"FIT 0\/16"},"content":{"rendered":"\n<p>58\u00aa Feira FIT 0\/16\u2013 Feira Internacional do Setor Infantojuvenil e Beb\u00ea<\/p>\n\n\n\n<p>Bem-vindo ao mundo encantado da moda infantil!<\/p>\n\n\n\n<p>A FIT 0\/16 \u00e9 o maior e mais tradicional evento do setor e re\u00fane as marcas expositoras mais procuradas pelos principais lojistas\/varejistas, tanto nacionais quanto internacionais, que t\u00eam como objetivo explorar a m\u00e1gica de vestir os pequenos com as melhores roupas e acess\u00f3rios, que refletem a personalidade desde os primeiros momentos de suas vidas at\u00e9 a fase vibrante da adolesc\u00eancia.<\/p>\n\n\n\n<p>Temos certeza de que a moda vai muito al\u00e9m de simples pe\u00e7as de roupa; \u00e9 uma forma de express\u00e3o, uma maneira de transmitir a ess\u00eancia e a criatividade que habitam em cada crian\u00e7a. Nossa miss\u00e3o \u00e9 proporcionar op\u00e7\u00f5es que sejam t\u00e3o confort\u00e1veis quanto estilosas, atendendo \u00e0s necessidades em constante mudan\u00e7a.<\/p>\n\n\n\n<p>Al\u00e9m disso, o evento conta com uma abrangente grade de palestras, workshops e consultorias que certamente ir\u00e3o enriquecer sua compreens\u00e3o sobre esse setor vibrante e em constante evolu\u00e7\u00e3o. A FIT 0\/16 \u00e9 um local onde a aprendizagem, a criatividade e a conex\u00e3o se encontram para celebrar a moda que encanta todas as idades.<\/p>\n\n\n\n<p>Junte-se a n\u00f3s nos dias 27 a 29 de Abril, das 10h \u00e0s 19h no Expo Center Norte<\/p>\n\n\n\n<p>Endere\u00e7o: Rua Jos\u00e9 Bernardo Pinto 333, S\u00e3o Paulo, SP, 02055-000<\/p>\n","protected":false},"excerpt":{"rendered":"<p>58\u00aa Feira FIT 0\/16\u2013 Feira Internacional do Setor Infantojuvenil e Beb\u00ea Bem-vindo ao mundo encantado da moda infantil! A FIT 0\/16 \u00e9 o maior e mais tradicional evento do setor e re\u00fane as marcas expositoras mais procuradas pelos principais lojistas\/varejistas, tanto nacionais quanto internacionais, que t\u00eam como objetivo explorar a m\u00e1gica de vestir os pequenos [&hellip;]<\/p>\n","protected":false},"author":3,"featured_media":4587,"comment_status":"open","ping_status":"open","sticky":false,"template":"","format":"standard","meta":{"footnotes":""},"categories":[25],"tags":[],"class_list":{"0":"post-4585","1":"post","2":"type-post","3":"status-publish","4":"format-standard","5":"has-post-thumbnail","7":"category-calendariodeeventos"},"_links":{"self":[{"href":"https:\/\/tveventos.tv.br\/index.php?rest_route=\/wp\/v2\/posts\/4585","targetHints":{"allow":["GET"]}}],"collection":[{"href":"https:\/\/tveventos.tv.br\/index.php?rest_route=\/wp\/v2\/posts"}],"about":[{"href":"https:\/\/tveventos.tv.br\/index.php?rest_route=\/wp\/v2\/types\/post"}],"author":[{"embeddable":true,"href":"https:\/\/tveventos.tv.br\/index.php?rest_route=\/wp\/v2\/users\/3"}],"replies":[{"embeddable":true,"href":"https:\/\/tveventos.tv.br\/index.php?rest_route=%2Fwp%2Fv2%2Fcomments&post=4585"}],"version-history":[{"count":1,"href":"https:\/\/tveventos.tv.br\/index.php?rest_route=\/wp\/v2\/posts\/4585\/revisions"}],"predecessor-version":[{"id":4588,"href":"https:\/\/tveventos.tv.br\/index.php?rest_route=\/wp\/v2\/posts\/4585\/revisions\/4588"}],"wp:featuredmedia":[{"embeddable":true,"href":"https:\/\/tveventos.tv.br\/index.php?rest_route=\/wp\/v2\/media\/4587"}],"wp:attachment":[{"href":"https:\/\/tveventos.tv.br\/index.php?rest_route=%2Fwp%2Fv2%2Fmedia&parent=4585"}],"wp:term":[{"taxonomy":"category","embeddable":true,"href":"https:\/\/tveventos.tv.br\/index.php?rest_route=%2Fwp%2Fv2%2Fcategories&post=4585"},{"taxonomy":"post_tag","embeddable":true,"href":"https:\/\/tveventos.tv.br\/index.php?rest_route=%2Fwp%2Fv2%2Ftags&post=4585"}],"curies":[{"name":"wp","href":"https:\/\/api.w.org\/{rel}","templated":true}]}}