{"id":4590,"date":"2025-04-07T15:44:39","date_gmt":"2025-04-07T18:44:39","guid":{"rendered":"https:\/\/tveventos.tv.br\/?p=4590"},"modified":"2025-04-07T15:44:40","modified_gmt":"2025-04-07T18:44:40","slug":"bett-brasil-2","status":"publish","type":"post","link":"https:\/\/tveventos.tv.br\/?p=4590","title":{"rendered":"BETT BRASIL"},"content":{"rendered":"\n<p>A Bett Brasil \u00e9 uma feira anual de educa\u00e7\u00e3o que re\u00fane expositores nacionais e internacionais para apresentar as mais recentes inova\u00e7\u00f5es e solu\u00e7\u00f5es no setor educacional. Com um amplo portf\u00f3lio de temas, o evento aborda quest\u00f5es como intelig\u00eancia artificial aplicada \u00e0 educa\u00e7\u00e3o, transforma\u00e7\u00e3o digital, novas metodologias, neg\u00f3cios educacionais, materiais did\u00e1ticos inovadores, gest\u00e3o de recursos humanos, tecnologias para escolas, al\u00e9m de projetos educacionais e novas abordagens para institui\u00e7\u00f5es de ensino.<\/p>\n\n\n\n<p>A feira tamb\u00e9m promove uma s\u00e9rie de palestras, workshops e pain\u00e9is de discuss\u00e3o, onde profissionais da \u00e1rea t\u00eam a oportunidade de conhecer as \u00faltimas tend\u00eancias, trocar experi\u00eancias e expandir suas redes de contato.<\/p>\n\n\n\n<p>Junte-se a uma grande comunidade educacional engajada em trocar experi\u00eancias, conhecer novidades e despertar ideias que v\u00e3o revolucionar o seu dia a dia. Voc\u00ea far\u00e1 conex\u00f5es valiosas e encontrar\u00e1 as respostas necess\u00e1rias para aperfei\u00e7oar seu ensino e aprendizagem.<\/p>\n\n\n\n<p>Setores que voc\u00ea vai encontrar:<\/p>\n\n\n\n<ul class=\"wp-block-list\">\n<li>Editora ou Sistema de Ensino\u200b;<\/li>\n\n\n\n<li>Solu\u00e7\u00f5es Bil\u00edngue\u200b;<\/li>\n\n\n\n<li>Outras solu\u00e7\u00f5es pedag\u00f3gicas (educa\u00e7\u00e3o financeira, rob\u00f3tica, codifica\u00e7\u00e3o, etc)\u200b;<\/li>\n\n\n\n<li>Solu\u00e7\u00f5es socioemocional\u200b;\u200b<\/li>\n\n\n\n<li>Solu\u00e7\u00f5es de Gest\u00e3o (Financeira, Comunica\u00e7\u00e3o, Administrativa, RH, Jur\u00eddico, etc)\u200b;<\/li>\n\n\n\n<li>Forma\u00e7\u00e3o continuada de Educadores\u200b;<\/li>\n\n\n\n<li>Mobili\u00e1rio e suprimentos para escolas; \u200b<\/li>\n\n\n\n<li>Sa\u00fade e Bem-estar\u200b;<\/li>\n\n\n\n<li>Tecnologias de Aprendizagem (AVA, EAD, Sistema de avalia\u00e7\u00e3o, gamifica\u00e7\u00e3o, etc)\u200b;<\/li>\n\n\n\n<li>Equipamentos de Tecnologia para escolas (notebook, lousa interativa, tablets, etc).<\/li>\n<\/ul>\n\n\n\n<p>Junte-se a n\u00f3s nos dias 28 a 01 de Maio, das 09h \u00e0s 19h no Expo Center Norte<\/p>\n\n\n\n<p>Endere\u00e7o: Rua Jos\u00e9 Bernardo Pinto 333, S\u00e3o Paulo, SP, 02055-000<\/p>\n\n\n\n<p><\/p>\n","protected":false},"excerpt":{"rendered":"<p>A Bett Brasil \u00e9 uma feira anual de educa\u00e7\u00e3o que re\u00fane expositores nacionais e internacionais para apresentar as mais recentes inova\u00e7\u00f5es e solu\u00e7\u00f5es no setor educacional. Com um amplo portf\u00f3lio de temas, o evento aborda quest\u00f5es como intelig\u00eancia artificial aplicada \u00e0 educa\u00e7\u00e3o, transforma\u00e7\u00e3o digital, novas metodologias, neg\u00f3cios educacionais, materiais did\u00e1ticos inovadores, gest\u00e3o de recursos humanos, [&hellip;]<\/p>\n","protected":false},"author":3,"featured_media":4591,"comment_status":"open","ping_status":"open","sticky":false,"template":"","format":"standard","meta":{"footnotes":""},"categories":[25],"tags":[],"class_list":{"0":"post-4590","1":"post","2":"type-post","3":"status-publish","4":"format-standard","5":"has-post-thumbnail","7":"category-calendariodeeventos"},"_links":{"self":[{"href":"https:\/\/tveventos.tv.br\/index.php?rest_route=\/wp\/v2\/posts\/4590","targetHints":{"allow":["GET"]}}],"collection":[{"href":"https:\/\/tveventos.tv.br\/index.php?rest_route=\/wp\/v2\/posts"}],"about":[{"href":"https:\/\/tveventos.tv.br\/index.php?rest_route=\/wp\/v2\/types\/post"}],"author":[{"embeddable":true,"href":"https:\/\/tveventos.tv.br\/index.php?rest_route=\/wp\/v2\/users\/3"}],"replies":[{"embeddable":true,"href":"https:\/\/tveventos.tv.br\/index.php?rest_route=%2Fwp%2Fv2%2Fcomments&post=4590"}],"version-history":[{"count":1,"href":"https:\/\/tveventos.tv.br\/index.php?rest_route=\/wp\/v2\/posts\/4590\/revisions"}],"predecessor-version":[{"id":4592,"href":"https:\/\/tveventos.tv.br\/index.php?rest_route=\/wp\/v2\/posts\/4590\/revisions\/4592"}],"wp:featuredmedia":[{"embeddable":true,"href":"https:\/\/tveventos.tv.br\/index.php?rest_route=\/wp\/v2\/media\/4591"}],"wp:attachment":[{"href":"https:\/\/tveventos.tv.br\/index.php?rest_route=%2Fwp%2Fv2%2Fmedia&parent=4590"}],"wp:term":[{"taxonomy":"category","embeddable":true,"href":"https:\/\/tveventos.tv.br\/index.php?rest_route=%2Fwp%2Fv2%2Fcategories&post=4590"},{"taxonomy":"post_tag","embeddable":true,"href":"https:\/\/tveventos.tv.br\/index.php?rest_route=%2Fwp%2Fv2%2Ftags&post=4590"}],"curies":[{"name":"wp","href":"https:\/\/api.w.org\/{rel}","templated":true}]}}