{"id":4595,"date":"2025-04-14T16:40:36","date_gmt":"2025-04-14T19:40:36","guid":{"rendered":"https:\/\/tveventos.tv.br\/?p=4595"},"modified":"2025-04-14T17:00:09","modified_gmt":"2025-04-14T20:00:09","slug":"feicon-ja-tem-data-para-a-30-edicao-e-revela-numeros-recordes-deste-ano","status":"publish","type":"post","link":"https:\/\/tveventos.tv.br\/?p=4595","title":{"rendered":"FEICON j\u00e1 tem data para a 30\u00b0 edi\u00e7\u00e3o e revela n\u00fameros recordes deste ano"},"content":{"rendered":"\n<p><em>Feira Internacional da Constru\u00e7\u00e3o Civil refor\u00e7a papel estrat\u00e9gico para o setor ao reunir visitantes de 85 pa\u00edses, movimentar neg\u00f3cios e apresentar inova\u00e7\u00f5es nos oito pavilh\u00f5es do S\u00e3o Paulo Expo<\/em><\/p>\n\n\n\n<p>Durante quatro dias, os oito pavilh\u00f5es do S\u00e3o Paulo Expo abrigaram a FEICON \u2013 Feira Internacional da Constru\u00e7\u00e3o Civil, promovida pela RX, que em sua 29\u00aa edi\u00e7\u00e3o alcan\u00e7a n\u00fameros recordes e reafirma seu protagonismo como o principal hub de neg\u00f3cios, inova\u00e7\u00e3o e de conte\u00fado t\u00e9cnico da cadeia da constru\u00e7\u00e3o.&nbsp;<\/p>\n\n\n\n<p>O evento terminou nesta sexta-feira (11), atingindo a marca de mais de 100 mil visitantes de 85 pa\u00edses, dos cinco continentes, com destaque para China, Argentina, M\u00e9xico, EUA, It\u00e1lia, Austr\u00e1lia e Mo\u00e7ambique. A edi\u00e7\u00e3o contou com mais de 1 mil marcas expositoras distribu\u00eddas em uma \u00e1rea total de 100 mil m\u00b2.&nbsp;<\/p>\n\n\n\n<p><strong>Movimenta\u00e7\u00e3o e crescimento&nbsp;<\/strong><\/p>\n\n\n\n<p>Em 2025, a FEICON tamb\u00e9m se destaca por sua contribui\u00e7\u00e3o para a economia ao gerar mais de 10 mil empregos, diretos e indiretos, somente durante a montagem do evento. Al\u00e9m disso, foi palco de lan\u00e7amentos e solu\u00e7\u00f5es tecnol\u00f3gicas e respons\u00e1vel em promover mais de 200 horas de conte\u00fado t\u00e9cnico e especializado, incluindo a estreia da Feiconference \u2013 Confer\u00eancia Internacional da Constru\u00e7\u00e3o e Arquitetura, patrocinada pelo Grupo ASSA ABLOY e com curadoria da Inovatech Engenharia.&nbsp;<\/p>\n\n\n\n<p>Pesquisas pr\u00e9vias tamb\u00e9m apontam um \u00edndice de satisfa\u00e7\u00e3o dos expositores de cerca de 80%, o que representa um aumento de 8 pontos percentuais em rela\u00e7\u00e3o a 2024. J\u00e1 o NPS (Net Promoter Score) &#8211; metodologia de pesquisa que mede a satisfa\u00e7\u00e3o e a lealdade dos clientes &#8211; atingiu 79 pontos, tr\u00eas acima da edi\u00e7\u00e3o do ano anterior.<\/p>\n\n\n\n<p>Para Ivan Rom\u00e3o, diretor da FEICON, os resultados refor\u00e7am o papel da feira como espa\u00e7o estrat\u00e9gico para toda a cadeia. \u201cOs resultados positivos refor\u00e7am o protagonismo da FEICON como ponto de encontro essencial para todos os profissionais do setor da constru\u00e7\u00e3o, por meio de um p\u00fablico altamente qualificado e decisor, o que se traduz nos mais de 300 mil leads gerados aos expositores neste ano por meio das ferramentas digitais da RX\u201d, frisa.<\/p>\n\n\n\n<p>O diretor anunciou ainda a data da 30\u00aa edi\u00e7\u00e3o da feira: de 07 a 10 de abril de 2026.&nbsp;<\/p>\n\n\n\n<p><strong>Selo Inova\u00e7\u00e3o Varejo<\/strong><\/p>\n\n\n\n<p>No \u00faltimo dia da FEICON tamb\u00e9m foram conhecidos os vencedores do \u201cSelo Inova\u00e7\u00e3o Varejo FEICON by GRAU 10\u201d, com curadoria da Revista Anamaco, que valoriza solu\u00e7\u00f5es que se destacam por inova\u00e7\u00e3o tecnol\u00f3gica, design e funcionalidades que contribuem para a moderniza\u00e7\u00e3o e a efici\u00eancia da constru\u00e7\u00e3o civil.<\/p>\n\n\n\n<p>Pela primeira vez, desde a cria\u00e7\u00e3o do pr\u00eamio, houve um empate t\u00e9cnico no primeiro lugar, e tamb\u00e9m de forma in\u00e9dita, os dois produtos vencedores pertencem \u00e0 mesma empresa.<\/p>\n\n\n\n<p>Confira os vencedores:<\/p>\n\n\n\n<p><strong>&nbsp;1\u00ba Lugar &#8211;<\/strong>&nbsp;Empate t\u00e9cnico entre dois produtos da&nbsp;<strong>Termomax<\/strong>:<\/p>\n\n\n\n<p>Coletor Solar Inox Efficiency: oferece alta performance com furo colarinho, Vent Plug, isolamento em l\u00e3 de PET e solda ultrassom. Seu design moderno \u00e9 leve, 100% recicl\u00e1vel e combina inova\u00e7\u00e3o e sustentabilidade.<\/p>\n\n\n\n<p>Coletor Solar Ultra Supreme: oferece alta efici\u00eancia com furo colarinho, Vent Plug, isolamento em l\u00e3 de PET e solda ultrassom. Seu design moderno \u00e9 leve, 100% recicl\u00e1vel, combinando inova\u00e7\u00e3o, sustentabilidade e performance.<\/p>\n\n\n\n<p>Os produtos pertencem ao setor de aquecimento solar t\u00e9rmico e t\u00eam como principal fun\u00e7\u00e3o aquecer a \u00e1gua de banhos, torneiras ou sistemas industriais por meio da energia solar, sem depender de eletricidade. Eles se destacam por seu alto rendimento e compromisso com a sustentabilidade, sendo indicados para resid\u00eancias, com\u00e9rcios e grandes instala\u00e7\u00f5es como hot\u00e9is, hospitais e ind\u00fastrias.<\/p>\n\n\n\n<p><strong>2\u00ba Lugar \u2013 Viapol<\/strong><\/p>\n\n\n\n<p>Vedalage Ultra10: \u00e9 uma membrana l\u00edquida impermeabilizante flex\u00edvel e el\u00e1stica, com alta refletividade solar, ideal para concreto e fibrocimento. Livre de solventes, garante desempenho superior e durabilidade de 10 anos, facilitando a limpeza.<\/p>\n\n\n\n<p>Esse produto faz parte do setor de impermeabiliza\u00e7\u00e3o de obras. \u00c9 aplicado principalmente em coberturas e lajes, formando uma camada de prote\u00e7\u00e3o contra infiltra\u00e7\u00f5es. Al\u00e9m de evitar vazamentos, ajuda a reduzir a temperatura interna dos ambientes, contribuindo para o conforto t\u00e9rmico e a economia de energia.<\/p>\n\n\n\n<p><strong>3\u00ba Lugar \u2013 Qualitronix<\/strong><\/p>\n\n\n\n<p>Interruptor Sem Fio e Sem Bateria: permite diversas configura\u00e7\u00f5es de instala\u00e7\u00e3o, sem necessidade de fios, caixa de passagem ou pilhas. Oferece flexibilidade, facilidade e economia de materiais, podendo ser usado sem fixa\u00e7\u00e3o na parede.<\/p>\n\n\n\n<p>Pertencente ao setor de tecnologia e automa\u00e7\u00e3o residencial, o produto oferece uma solu\u00e7\u00e3o pr\u00e1tica e sustent\u00e1vel para acionar luzes e dispositivos el\u00e9tricos. Pode ser instalado com facilidade em diferentes ambientes, sem necessidade de reformas, e ainda reduz o uso de materiais como fios e pl\u00e1sticos.<\/p>\n\n\n\n<p>Os produtos vencedores foram escolhidos pelo p\u00fablico da feira, que pode votar por meio de dispositivos eletr\u00f4nicos nas inova\u00e7\u00f5es previamente selecionadas pela curadoria da Revista Anamaco, com base em crit\u00e9rios t\u00e9cnicos definidos pela Grau 10 Editora.<\/p>\n","protected":false},"excerpt":{"rendered":"<p>Feira Internacional da Constru\u00e7\u00e3o Civil refor\u00e7a papel estrat\u00e9gico para o setor ao reunir visitantes de 85 pa\u00edses, movimentar neg\u00f3cios e apresentar inova\u00e7\u00f5es nos oito pavilh\u00f5es do S\u00e3o Paulo Expo Durante quatro dias, os oito pavilh\u00f5es do S\u00e3o Paulo Expo abrigaram a FEICON \u2013 Feira Internacional da Constru\u00e7\u00e3o Civil, promovida pela RX, que em sua 29\u00aa [&hellip;]<\/p>\n","protected":false},"author":3,"featured_media":4596,"comment_status":"open","ping_status":"open","sticky":false,"template":"","format":"standard","meta":{"footnotes":""},"categories":[23],"tags":[],"class_list":{"0":"post-4595","1":"post","2":"type-post","3":"status-publish","4":"format-standard","5":"has-post-thumbnail","7":"category-feirasdenegocios"},"_links":{"self":[{"href":"https:\/\/tveventos.tv.br\/index.php?rest_route=\/wp\/v2\/posts\/4595","targetHints":{"allow":["GET"]}}],"collection":[{"href":"https:\/\/tveventos.tv.br\/index.php?rest_route=\/wp\/v2\/posts"}],"about":[{"href":"https:\/\/tveventos.tv.br\/index.php?rest_route=\/wp\/v2\/types\/post"}],"author":[{"embeddable":true,"href":"https:\/\/tveventos.tv.br\/index.php?rest_route=\/wp\/v2\/users\/3"}],"replies":[{"embeddable":true,"href":"https:\/\/tveventos.tv.br\/index.php?rest_route=%2Fwp%2Fv2%2Fcomments&post=4595"}],"version-history":[{"count":1,"href":"https:\/\/tveventos.tv.br\/index.php?rest_route=\/wp\/v2\/posts\/4595\/revisions"}],"predecessor-version":[{"id":4597,"href":"https:\/\/tveventos.tv.br\/index.php?rest_route=\/wp\/v2\/posts\/4595\/revisions\/4597"}],"wp:featuredmedia":[{"embeddable":true,"href":"https:\/\/tveventos.tv.br\/index.php?rest_route=\/wp\/v2\/media\/4596"}],"wp:attachment":[{"href":"https:\/\/tveventos.tv.br\/index.php?rest_route=%2Fwp%2Fv2%2Fmedia&parent=4595"}],"wp:term":[{"taxonomy":"category","embeddable":true,"href":"https:\/\/tveventos.tv.br\/index.php?rest_route=%2Fwp%2Fv2%2Fcategories&post=4595"},{"taxonomy":"post_tag","embeddable":true,"href":"https:\/\/tveventos.tv.br\/index.php?rest_route=%2Fwp%2Fv2%2Ftags&post=4595"}],"curies":[{"name":"wp","href":"https:\/\/api.w.org\/{rel}","templated":true}]}}