{"id":4614,"date":"2025-04-24T16:07:34","date_gmt":"2025-04-24T19:07:34","guid":{"rendered":"https:\/\/tveventos.tv.br\/?p=4614"},"modified":"2025-04-24T16:07:35","modified_gmt":"2025-04-24T19:07:35","slug":"jrp-2025","status":"publish","type":"post","link":"https:\/\/tveventos.tv.br\/?p=4614","title":{"rendered":"JRP 2025"},"content":{"rendered":"\n<p>O maior congresso de Diagn\u00f3stico por Imagem da Am\u00e9rica Latina A Jornada Paulista de Radiologia (JPR), promovida pela SPR, \u00e9 o principal encontro de Diagn\u00f3stico por Imagem da Am\u00e9rica Latina e um dos maiores congressos do mundo. Em 2025, a JPR ser\u00e1 realizada de 1\u00ba a 4 de maio no Transam\u00e9rica Expo Center, em S\u00e3o Paulo.<\/p>\n\n\n\n<p>&nbsp;Em parceria com a SAR (Sociedade Argentina de Radiologia) e a FAARDIT (Federa\u00e7\u00e3o Argentina de Radiologia), a JPR 2025 chega \u00e0 sua 55\u00aa edi\u00e7\u00e3o com o tema: Brasil e Argentina &#8211; Celebrando a amizade e a tradi\u00e7\u00e3o na Radiologia. Tradicionalmente, a Jornada promove o interc\u00e2mbio com diversas entidades internacionais, demonstrando a import\u00e2ncia e a credibilidade do congresso no cen\u00e1rio global.<\/p>\n\n\n\n<p>&nbsp;O congresso se destaca pelo alto n\u00edvel do programa cient\u00edfico, reunindo palestrantes nacionais e internacionais de renome que discutem os mais recentes desenvolvimentos cient\u00edficos. Al\u00e9m disso, a Exposi\u00e7\u00e3o T\u00e9cnica re\u00fane as principais empresas de Diagn\u00f3stico por Imagem. Cerca de 100 empresas nacionais e internacionais e mais de 4.000 expositores apresentam seus produtos e novidades tecnol\u00f3gicas do mercado da Radiologia.<\/p>\n\n\n\n<p>&nbsp;N\u00e3o perca a chance de fazer parte deste evento de destaque do Diagn\u00f3stico por Imagem. Garanta sua participa\u00e7\u00e3o!<\/p>\n\n\n\n<p>Junte-se a n\u00f3s nos dias 1 a 4 de maio, das 9h \u00e0s 12:40h no Transamerica Expo Center<\/p>\n\n\n\n<p>Endere\u00e7o: Av. Dr. M\u00e1rio Vilas Boas Rodrigues, 387 &#8211; Santo Amaro, S\u00e3o Paulo &#8211; SP, 04757-020<\/p>\n\n\n\n<p><\/p>\n","protected":false},"excerpt":{"rendered":"<p>O maior congresso de Diagn\u00f3stico por Imagem da Am\u00e9rica Latina A Jornada Paulista de Radiologia (JPR), promovida pela SPR, \u00e9 o principal encontro de Diagn\u00f3stico por Imagem da Am\u00e9rica Latina e um dos maiores congressos do mundo. Em 2025, a JPR ser\u00e1 realizada de 1\u00ba a 4 de maio no Transam\u00e9rica Expo Center, em S\u00e3o [&hellip;]<\/p>\n","protected":false},"author":3,"featured_media":4615,"comment_status":"open","ping_status":"open","sticky":false,"template":"","format":"standard","meta":{"footnotes":""},"categories":[25],"tags":[],"class_list":{"0":"post-4614","1":"post","2":"type-post","3":"status-publish","4":"format-standard","5":"has-post-thumbnail","7":"category-calendariodeeventos"},"_links":{"self":[{"href":"https:\/\/tveventos.tv.br\/index.php?rest_route=\/wp\/v2\/posts\/4614","targetHints":{"allow":["GET"]}}],"collection":[{"href":"https:\/\/tveventos.tv.br\/index.php?rest_route=\/wp\/v2\/posts"}],"about":[{"href":"https:\/\/tveventos.tv.br\/index.php?rest_route=\/wp\/v2\/types\/post"}],"author":[{"embeddable":true,"href":"https:\/\/tveventos.tv.br\/index.php?rest_route=\/wp\/v2\/users\/3"}],"replies":[{"embeddable":true,"href":"https:\/\/tveventos.tv.br\/index.php?rest_route=%2Fwp%2Fv2%2Fcomments&post=4614"}],"version-history":[{"count":1,"href":"https:\/\/tveventos.tv.br\/index.php?rest_route=\/wp\/v2\/posts\/4614\/revisions"}],"predecessor-version":[{"id":4616,"href":"https:\/\/tveventos.tv.br\/index.php?rest_route=\/wp\/v2\/posts\/4614\/revisions\/4616"}],"wp:featuredmedia":[{"embeddable":true,"href":"https:\/\/tveventos.tv.br\/index.php?rest_route=\/wp\/v2\/media\/4615"}],"wp:attachment":[{"href":"https:\/\/tveventos.tv.br\/index.php?rest_route=%2Fwp%2Fv2%2Fmedia&parent=4614"}],"wp:term":[{"taxonomy":"category","embeddable":true,"href":"https:\/\/tveventos.tv.br\/index.php?rest_route=%2Fwp%2Fv2%2Fcategories&post=4614"},{"taxonomy":"post_tag","embeddable":true,"href":"https:\/\/tveventos.tv.br\/index.php?rest_route=%2Fwp%2Fv2%2Ftags&post=4614"}],"curies":[{"name":"wp","href":"https:\/\/api.w.org\/{rel}","templated":true}]}}