{"id":4619,"date":"2025-05-05T14:14:14","date_gmt":"2025-05-05T17:14:14","guid":{"rendered":"https:\/\/tveventos.tv.br\/?p=4619"},"modified":"2025-05-05T14:25:21","modified_gmt":"2025-05-05T17:25:21","slug":"abramed-debate-diagnostico-e-sustentabilidade-na-jpr-2025","status":"publish","type":"post","link":"https:\/\/tveventos.tv.br\/?p=4619","title":{"rendered":"Abramed debate diagn\u00f3stico e sustentabilidade na JPR 2025"},"content":{"rendered":"\n<p><em>Em uma confer\u00eancia com especialistas e lideran\u00e7as da sa\u00fade; evento acontece em 1\u00ba de maio no Transam\u00e9rica Expo Center, com abertura de Milva Pagano, diretora executiva da Associa\u00e7\u00e3o<\/em><\/p>\n\n\n\n<p>A Abramed \u2013 Associa\u00e7\u00e3o Brasileira de Medicina Diagn\u00f3stica \u2013, que re\u00fane laborat\u00f3rios e cl\u00ednicas respons\u00e1veis por mais de 80% dos exames da sa\u00fade suplementar no Brasil, marca presen\u00e7a na Jornada Paulista de Radiologia (JPR 2025) com uma agenda especial voltada \u00e0 sustentabilidade, inova\u00e7\u00e3o e aos novos rumos do diagn\u00f3stico no pa\u00eds. Os encontros aconteceram no dia 1\u00ba de maio, data de abertura do congresso.<\/p>\n\n\n\n<p>Sob o tema \u201cInova\u00e7\u00e3o e Sustentabilidade na Sa\u00fade: O Papel do Diagn\u00f3stico na Transforma\u00e7\u00e3o do Setor\u201d, o painel inaugural contaram com falas de Milva Pagano, diretora executiva da associa\u00e7\u00e3o, e Cesar Higa Nomura, presidente do Conselho de Administra\u00e7\u00e3o.<\/p>\n\n\n\n<p>Logo ap\u00f3s, nomes de destaque de institui\u00e7\u00f5es como PwC Brasil, Hospital Albert Einstein, Grupo Fleury, Ultra X e Grupo Sir estiveram reunidos em palestras e mesas de di\u00e1logo que abordar\u00e3o desafios atuais, boas pr\u00e1ticas e solu\u00e7\u00f5es tecnol\u00f3gicas com foco em efici\u00eancia e responsabilidade ambiental. A proposta \u00e9 fomentar reflex\u00f5es e caminhos concretos para um modelo de sa\u00fade mais inteligente e sustent\u00e1vel, com o diagn\u00f3stico como eixo central dessa transforma\u00e7\u00e3o.<\/p>\n\n\n\n<p>\u201cA presen\u00e7a da Abramed na JPR refor\u00e7a nosso compromisso em liderar discuss\u00f5es qualificadas sobre os caminhos da sa\u00fade no Brasil. Neste ano, escolhemos destacar como o diagn\u00f3stico pode contribuir para um setor mais sustent\u00e1vel, eficiente e inovador. Agradecemos aos especialistas que aceitaram nosso convite para compor essa programa\u00e7\u00e3o, que representa uma mobiliza\u00e7\u00e3o coletiva em prol da transforma\u00e7\u00e3o do setor\u201d, afirma Milva Pagano, diretora executiva da entidade.<\/p>\n\n\n\n<p><\/p>\n\n\n\n<p><strong>Sobre a Abramed<\/strong><\/p>\n\n\n\n<p>A Associa\u00e7\u00e3o Brasileira de Medicina Diagn\u00f3stica (Abramed) foi fundada em 2010 como resultado da jun\u00e7\u00e3o de esfor\u00e7os de empresas de medicina diagn\u00f3stica do pa\u00eds. Em um momento em que o sistema de sa\u00fade brasileiro passava por transforma\u00e7\u00f5es, tais como a consolida\u00e7\u00e3o de um novo perfil empresarial e regulamenta\u00e7\u00f5es necess\u00e1rias para o futuro da medicina diagn\u00f3stica, essas empresas de atua\u00e7\u00e3o de ponta no mercado perceberam os benef\u00edcios que uma a\u00e7\u00e3o integrada poderia trazer para a defesa de suas causas comuns.<\/p>\n\n\n\n<p>Assim, a Abramed tornou-se a voz de seus associados nos di\u00e1logos com institui\u00e7\u00f5es p\u00fablicas, governamentais e regulat\u00f3rias, expressando a vis\u00e3o e os<\/p>\n\n\n\n<p>anseios do setor sobre assuntos relacionados \u00e0 sa\u00fade e a ado\u00e7\u00e3o de pol\u00edticas e medidas que considerem a import\u00e2ncia da medicina diagn\u00f3stica para os cuidados da popula\u00e7\u00e3o brasileira.<\/p>\n\n\n\n<p>Ainda traduz sua representatividade atrav\u00e9s da parceria com a comunidade cient\u00edfica e demais entidades envolvidas com o setor e no di\u00e1logo com a sociedade civil.<\/p>\n\n\n\n<p>Seus associados, juntos, respondem por mais de 80% de todos os exames realizados pela sa\u00fade suplementar no pa\u00eds. Empresas essas, reconhecidas por sua qualidade na presta\u00e7\u00e3o de servi\u00e7os, excel\u00eancia tecnol\u00f3gica, pr\u00e1ticas avan\u00e7adas de gest\u00e3o, inova\u00e7\u00e3o, governan\u00e7a e responsabilidade corporativa.<\/p>\n\n\n\n<p><\/p>\n","protected":false},"excerpt":{"rendered":"<p>Em uma confer\u00eancia com especialistas e lideran\u00e7as da sa\u00fade; evento acontece em 1\u00ba de maio no Transam\u00e9rica Expo Center, com abertura de Milva Pagano, diretora executiva da Associa\u00e7\u00e3o A Abramed \u2013 Associa\u00e7\u00e3o Brasileira de Medicina Diagn\u00f3stica \u2013, que re\u00fane laborat\u00f3rios e cl\u00ednicas respons\u00e1veis por mais de 80% dos exames da sa\u00fade suplementar no Brasil, marca [&hellip;]<\/p>\n","protected":false},"author":3,"featured_media":4620,"comment_status":"open","ping_status":"open","sticky":false,"template":"","format":"standard","meta":{"footnotes":""},"categories":[23],"tags":[],"class_list":{"0":"post-4619","1":"post","2":"type-post","3":"status-publish","4":"format-standard","5":"has-post-thumbnail","7":"category-feirasdenegocios"},"_links":{"self":[{"href":"https:\/\/tveventos.tv.br\/index.php?rest_route=\/wp\/v2\/posts\/4619","targetHints":{"allow":["GET"]}}],"collection":[{"href":"https:\/\/tveventos.tv.br\/index.php?rest_route=\/wp\/v2\/posts"}],"about":[{"href":"https:\/\/tveventos.tv.br\/index.php?rest_route=\/wp\/v2\/types\/post"}],"author":[{"embeddable":true,"href":"https:\/\/tveventos.tv.br\/index.php?rest_route=\/wp\/v2\/users\/3"}],"replies":[{"embeddable":true,"href":"https:\/\/tveventos.tv.br\/index.php?rest_route=%2Fwp%2Fv2%2Fcomments&post=4619"}],"version-history":[{"count":3,"href":"https:\/\/tveventos.tv.br\/index.php?rest_route=\/wp\/v2\/posts\/4619\/revisions"}],"predecessor-version":[{"id":4623,"href":"https:\/\/tveventos.tv.br\/index.php?rest_route=\/wp\/v2\/posts\/4619\/revisions\/4623"}],"wp:featuredmedia":[{"embeddable":true,"href":"https:\/\/tveventos.tv.br\/index.php?rest_route=\/wp\/v2\/media\/4620"}],"wp:attachment":[{"href":"https:\/\/tveventos.tv.br\/index.php?rest_route=%2Fwp%2Fv2%2Fmedia&parent=4619"}],"wp:term":[{"taxonomy":"category","embeddable":true,"href":"https:\/\/tveventos.tv.br\/index.php?rest_route=%2Fwp%2Fv2%2Fcategories&post=4619"},{"taxonomy":"post_tag","embeddable":true,"href":"https:\/\/tveventos.tv.br\/index.php?rest_route=%2Fwp%2Fv2%2Ftags&post=4619"}],"curies":[{"name":"wp","href":"https:\/\/api.w.org\/{rel}","templated":true}]}}