{"id":4625,"date":"2025-05-05T16:49:44","date_gmt":"2025-05-05T19:49:44","guid":{"rendered":"https:\/\/tveventos.tv.br\/?p=4625"},"modified":"2025-05-05T16:49:45","modified_gmt":"2025-05-05T19:49:45","slug":"expo-elevador","status":"publish","type":"post","link":"https:\/\/tveventos.tv.br\/?p=4625","title":{"rendered":"EXPO ELEVADOR"},"content":{"rendered":"\n<p>A ExpoElevador \u00e9 a principal feira da ind\u00fastria de elevadores, escadas rolantes e transportes verticais da Am\u00e9rica Latina. Realizada desde 2006, o evento \u00e9 organizado pela Revista Elevador Brasil e pela Cardoso Almeida Eventos, com apoio de diversas entidades nacionais e internacionais do setor. Em 2025, sua 9\u00aa edi\u00e7\u00e3o acontecer\u00e1 entre os dias 6 e 8 de maio, no Pro Magno Centro de Eventos, em S\u00e3o Paulo.<\/p>\n\n\n\n<p>A feira re\u00fane profissionais como engenheiros, arquitetos, fabricantes, empresas de manuten\u00e7\u00e3o e instala\u00e7\u00e3o, al\u00e9m de estudantes das \u00e1reas de engenharia. Ela \u00e9 um espa\u00e7o voltado \u00e0 apresenta\u00e7\u00e3o de novas tecnologias e solu\u00e7\u00f5es inovadoras, como sistemas com intelig\u00eancia artificial, internet das coisas (IoT), automa\u00e7\u00e3o predial e sustentabilidade aplicada \u00e0 efici\u00eancia energ\u00e9tica. Um dos destaques desta edi\u00e7\u00e3o ser\u00e1 o evento paralelo \u201cConex\u00e3o Pr\u00e9dio Inteligente\u201d, com palestras e debates gratuitos sobre automa\u00e7\u00e3o e inova\u00e7\u00e3o em edifica\u00e7\u00f5es.<\/p>\n\n\n\n<p>A entrada para o p\u00fablico visitante \u00e9 gratuita, mas exige cadastro pr\u00e9vio no site oficial da ExpoElevador. A feira \u00e9 uma excelente oportunidade para networking, atualiza\u00e7\u00e3o profissional e conhecimento das tend\u00eancias mais recentes do setor.<\/p>\n\n\n\n<p>Junte-se a n\u00f3s nos dias 06 a 08 de maio, dia 6 e 7 das 12h at\u00e9 20h, dia 8 das 12h at\u00e9 18h no Pro Magno.<\/p>\n\n\n\n<p>Endere\u00e7o: Avenida Professora Ida Kolb 513, S\u00e3o Paulo, S\u00e3o Paulo, 02518-000<\/p>\n\n\n\n<p><\/p>\n\n\n\n<p><\/p>\n","protected":false},"excerpt":{"rendered":"<p>A ExpoElevador \u00e9 a principal feira da ind\u00fastria de elevadores, escadas rolantes e transportes verticais da Am\u00e9rica Latina. Realizada desde 2006, o evento \u00e9 organizado pela Revista Elevador Brasil e pela Cardoso Almeida Eventos, com apoio de diversas entidades nacionais e internacionais do setor. Em 2025, sua 9\u00aa edi\u00e7\u00e3o acontecer\u00e1 entre os dias 6 e [&hellip;]<\/p>\n","protected":false},"author":3,"featured_media":4626,"comment_status":"open","ping_status":"open","sticky":false,"template":"","format":"standard","meta":{"footnotes":""},"categories":[25],"tags":[],"class_list":{"0":"post-4625","1":"post","2":"type-post","3":"status-publish","4":"format-standard","5":"has-post-thumbnail","7":"category-calendariodeeventos"},"_links":{"self":[{"href":"https:\/\/tveventos.tv.br\/index.php?rest_route=\/wp\/v2\/posts\/4625","targetHints":{"allow":["GET"]}}],"collection":[{"href":"https:\/\/tveventos.tv.br\/index.php?rest_route=\/wp\/v2\/posts"}],"about":[{"href":"https:\/\/tveventos.tv.br\/index.php?rest_route=\/wp\/v2\/types\/post"}],"author":[{"embeddable":true,"href":"https:\/\/tveventos.tv.br\/index.php?rest_route=\/wp\/v2\/users\/3"}],"replies":[{"embeddable":true,"href":"https:\/\/tveventos.tv.br\/index.php?rest_route=%2Fwp%2Fv2%2Fcomments&post=4625"}],"version-history":[{"count":1,"href":"https:\/\/tveventos.tv.br\/index.php?rest_route=\/wp\/v2\/posts\/4625\/revisions"}],"predecessor-version":[{"id":4627,"href":"https:\/\/tveventos.tv.br\/index.php?rest_route=\/wp\/v2\/posts\/4625\/revisions\/4627"}],"wp:featuredmedia":[{"embeddable":true,"href":"https:\/\/tveventos.tv.br\/index.php?rest_route=\/wp\/v2\/media\/4626"}],"wp:attachment":[{"href":"https:\/\/tveventos.tv.br\/index.php?rest_route=%2Fwp%2Fv2%2Fmedia&parent=4625"}],"wp:term":[{"taxonomy":"category","embeddable":true,"href":"https:\/\/tveventos.tv.br\/index.php?rest_route=%2Fwp%2Fv2%2Fcategories&post=4625"},{"taxonomy":"post_tag","embeddable":true,"href":"https:\/\/tveventos.tv.br\/index.php?rest_route=%2Fwp%2Fv2%2Ftags&post=4625"}],"curies":[{"name":"wp","href":"https:\/\/api.w.org\/{rel}","templated":true}]}}