{"id":4633,"date":"2025-05-05T17:41:14","date_gmt":"2025-05-05T20:41:14","guid":{"rendered":"https:\/\/tveventos.tv.br\/?p=4633"},"modified":"2025-05-05T17:42:28","modified_gmt":"2025-05-05T20:42:28","slug":"abrint-2","status":"publish","type":"post","link":"https:\/\/tveventos.tv.br\/?p=4633","title":{"rendered":"ABRINT"},"content":{"rendered":"\n<p>O Encontro Nacional evoluiu! A partir de 2025, o evento que j\u00e1 \u00e9 refer\u00eancia para os provedores de internet no Brasil se torna o Abrint Global Congress \u2013 AGC, marcando um novo cap\u00edtulo de crescimento e internacionaliza\u00e7\u00e3o.O Abrint Global Congress (AGC) \u00e9 o maior evento de provedores de internet, organizado pela Associa\u00e7\u00e3o Brasileira de Provedores de Internet e Telecomunica\u00e7\u00f5es (Abrint). Pensado para conectar pessoas, empresas e ideias, o AGC \u00e9 um espa\u00e7o dedicado ao networking, \u00e0 troca de conhecimentos e ao debate sobre as principais tend\u00eancias, inova\u00e7\u00f5es tecnol\u00f3gicas e regulamenta\u00e7\u00f5es do setor de telecomunica\u00e7\u00f5es.<\/p>\n\n\n\n<p>Com base nos pilares de Autoridade, Transforma\u00e7\u00e3o e Transpar\u00eancia, o evento re\u00fane l\u00edderes, especialistas e empresas de diferentes partes do mundo para compartilhar experi\u00eancias, explorar solu\u00e7\u00f5es e construir parcerias que moldam o futuro da conectividade.<\/p>\n\n\n\n<p>A identidade visual do AGC reflete essa ess\u00eancia, utilizando o c\u00edrculo \u2013 s\u00edmbolo do movimento, da transforma\u00e7\u00e3o e da busca constante por inova\u00e7\u00e3o \u2013 como um elemento central. Ele representa a evolu\u00e7\u00e3o tecnol\u00f3gica e a transpar\u00eancia nos debates que tornam o AGC uma refer\u00eancia no setor.<\/p>\n\n\n\n<p>Al\u00e9m de palestras com especialistas renomados, o evento oferece pain\u00e9is interativos, uma ampla \u00e1rea de exposi\u00e7\u00e3o com as maiores empresas do mercado, e in\u00fameras oportunidades de networking em um ambiente que inspira colabora\u00e7\u00e3o e crescimento coletivo.<\/p>\n\n\n\n<p>O Abrint Global Congress \u00e9 mais do que um evento \u2013 \u00e9 um ponto de encontro para quem deseja estar na vanguarda da conectividade e da transforma\u00e7\u00e3o digital.<\/p>\n\n\n\n<p>Junte-se a n\u00f3s nos dias 07 a 09 de Maio, das 10h \u00e0s 18h no Distrito Anhembi<\/p>\n\n\n\n<p>Endere\u00e7o: Avenida Olavo Fontoura, N\u00b0 1. 209\/Santana, S\u00e3o Paulo, SP, 02012-021<br><\/p>\n","protected":false},"excerpt":{"rendered":"<p>O Encontro Nacional evoluiu! A partir de 2025, o evento que j\u00e1 \u00e9 refer\u00eancia para os provedores de internet no Brasil se torna o Abrint Global Congress \u2013 AGC, marcando um novo cap\u00edtulo de crescimento e internacionaliza\u00e7\u00e3o.O Abrint Global Congress (AGC) \u00e9 o maior evento de provedores de internet, organizado pela Associa\u00e7\u00e3o Brasileira de Provedores [&hellip;]<\/p>\n","protected":false},"author":3,"featured_media":4637,"comment_status":"open","ping_status":"open","sticky":false,"template":"","format":"standard","meta":{"footnotes":""},"categories":[25],"tags":[],"class_list":{"0":"post-4633","1":"post","2":"type-post","3":"status-publish","4":"format-standard","5":"has-post-thumbnail","7":"category-calendariodeeventos"},"_links":{"self":[{"href":"https:\/\/tveventos.tv.br\/index.php?rest_route=\/wp\/v2\/posts\/4633","targetHints":{"allow":["GET"]}}],"collection":[{"href":"https:\/\/tveventos.tv.br\/index.php?rest_route=\/wp\/v2\/posts"}],"about":[{"href":"https:\/\/tveventos.tv.br\/index.php?rest_route=\/wp\/v2\/types\/post"}],"author":[{"embeddable":true,"href":"https:\/\/tveventos.tv.br\/index.php?rest_route=\/wp\/v2\/users\/3"}],"replies":[{"embeddable":true,"href":"https:\/\/tveventos.tv.br\/index.php?rest_route=%2Fwp%2Fv2%2Fcomments&post=4633"}],"version-history":[{"count":1,"href":"https:\/\/tveventos.tv.br\/index.php?rest_route=\/wp\/v2\/posts\/4633\/revisions"}],"predecessor-version":[{"id":4635,"href":"https:\/\/tveventos.tv.br\/index.php?rest_route=\/wp\/v2\/posts\/4633\/revisions\/4635"}],"wp:featuredmedia":[{"embeddable":true,"href":"https:\/\/tveventos.tv.br\/index.php?rest_route=\/wp\/v2\/media\/4637"}],"wp:attachment":[{"href":"https:\/\/tveventos.tv.br\/index.php?rest_route=%2Fwp%2Fv2%2Fmedia&parent=4633"}],"wp:term":[{"taxonomy":"category","embeddable":true,"href":"https:\/\/tveventos.tv.br\/index.php?rest_route=%2Fwp%2Fv2%2Fcategories&post=4633"},{"taxonomy":"post_tag","embeddable":true,"href":"https:\/\/tveventos.tv.br\/index.php?rest_route=%2Fwp%2Fv2%2Ftags&post=4633"}],"curies":[{"name":"wp","href":"https:\/\/api.w.org\/{rel}","templated":true}]}}