{"id":4638,"date":"2025-05-05T18:07:50","date_gmt":"2025-05-05T21:07:50","guid":{"rendered":"https:\/\/tveventos.tv.br\/?p=4638"},"modified":"2025-05-05T18:07:51","modified_gmt":"2025-05-05T21:07:51","slug":"mobility-show","status":"publish","type":"post","link":"https:\/\/tveventos.tv.br\/?p=4638","title":{"rendered":"MOBILITY &amp; SHOW"},"content":{"rendered":"\n<p>A Mobility &amp; Show \u00e9 uma exposi\u00e7\u00e3o voltada \u00e0 mobilidade e acessibilidade, que re\u00fane ve\u00edculos, equipamentos e servi\u00e7os destinados a pessoas com defici\u00eancia, idosos, obesos, pessoas de alta ou baixa estatura, entre outros p\u00fablicos com necessidades espec\u00edficas. O principal objetivo do evento \u00e9 informar a popula\u00e7\u00e3o sobre seus direitos, especialmente em rela\u00e7\u00e3o \u00e0 isen\u00e7\u00e3o de impostos na compra de carros novos para pessoas com defici\u00eancia.<\/p>\n\n\n\n<p>Mais do que uma feira de produtos, a Mobility &amp; Show \u00e9 um espa\u00e7o completo de inclus\u00e3o. Ela apresenta uma ampla variedade de solu\u00e7\u00f5es para melhorar a mobilidade, promove a conscientiza\u00e7\u00e3o sobre os direitos do consumidor e oferece suporte direto aos visitantes por meio de estandes e equipes preparadas para tirar d\u00favidas. Al\u00e9m disso, proporciona experi\u00eancias pr\u00e1ticas, como \u00e1reas de test-drive onde os participantes podem experimentar ve\u00edculos adaptados com o aux\u00edlio de profissionais especializados.<\/p>\n\n\n\n<p>O evento tamb\u00e9m \u00e9 um ponto de encontro para o debate e a promo\u00e7\u00e3o da acessibilidade, com atividades em parceria com a Expo Braille, al\u00e9m de palestras, apresenta\u00e7\u00f5es e servi\u00e7os voltados \u00e0 inclus\u00e3o em diversas esferas da sociedade. Institui\u00e7\u00f5es financeiras, fabricantes e \u00f3rg\u00e3os p\u00fablicos marcam presen\u00e7a para apresentar solu\u00e7\u00f5es, ampliar o acesso \u00e0 informa\u00e7\u00e3o e apoiar iniciativas de acessibilidade.<\/p>\n\n\n\n<p>Em resumo, a Mobility &amp; Show \u00e9 um evento que vai al\u00e9m da exposi\u00e7\u00e3o de produtos: \u00e9 uma celebra\u00e7\u00e3o da inclus\u00e3o, da cidadania e da igualdade de acesso, promovendo a autonomia e a qualidade de vida para todos os seus visitantes.<\/p>\n\n\n\n<p>Junte-se a n\u00f3s nos dias 09 a 11 de Maio, dia 9 das 12h \u00e0s 19h, 10 e 11 das 10h \u00e0s 19h no Transamerica expo center<\/p>\n\n\n\n<p>Endere\u00e7o: Av. Dr. M\u00e1rio Vilas Boas Rodrigues 387, S\u00e3o Paulo, SP, 04757-020<\/p>\n\n\n\n<p><\/p>\n\n\n\n<p><\/p>\n","protected":false},"excerpt":{"rendered":"<p>A Mobility &amp; Show \u00e9 uma exposi\u00e7\u00e3o voltada \u00e0 mobilidade e acessibilidade, que re\u00fane ve\u00edculos, equipamentos e servi\u00e7os destinados a pessoas com defici\u00eancia, idosos, obesos, pessoas de alta ou baixa estatura, entre outros p\u00fablicos com necessidades espec\u00edficas. O principal objetivo do evento \u00e9 informar a popula\u00e7\u00e3o sobre seus direitos, especialmente em rela\u00e7\u00e3o \u00e0 isen\u00e7\u00e3o de [&hellip;]<\/p>\n","protected":false},"author":3,"featured_media":4639,"comment_status":"open","ping_status":"open","sticky":false,"template":"","format":"standard","meta":{"footnotes":""},"categories":[25],"tags":[],"class_list":{"0":"post-4638","1":"post","2":"type-post","3":"status-publish","4":"format-standard","5":"has-post-thumbnail","7":"category-calendariodeeventos"},"_links":{"self":[{"href":"https:\/\/tveventos.tv.br\/index.php?rest_route=\/wp\/v2\/posts\/4638","targetHints":{"allow":["GET"]}}],"collection":[{"href":"https:\/\/tveventos.tv.br\/index.php?rest_route=\/wp\/v2\/posts"}],"about":[{"href":"https:\/\/tveventos.tv.br\/index.php?rest_route=\/wp\/v2\/types\/post"}],"author":[{"embeddable":true,"href":"https:\/\/tveventos.tv.br\/index.php?rest_route=\/wp\/v2\/users\/3"}],"replies":[{"embeddable":true,"href":"https:\/\/tveventos.tv.br\/index.php?rest_route=%2Fwp%2Fv2%2Fcomments&post=4638"}],"version-history":[{"count":1,"href":"https:\/\/tveventos.tv.br\/index.php?rest_route=\/wp\/v2\/posts\/4638\/revisions"}],"predecessor-version":[{"id":4640,"href":"https:\/\/tveventos.tv.br\/index.php?rest_route=\/wp\/v2\/posts\/4638\/revisions\/4640"}],"wp:featuredmedia":[{"embeddable":true,"href":"https:\/\/tveventos.tv.br\/index.php?rest_route=\/wp\/v2\/media\/4639"}],"wp:attachment":[{"href":"https:\/\/tveventos.tv.br\/index.php?rest_route=%2Fwp%2Fv2%2Fmedia&parent=4638"}],"wp:term":[{"taxonomy":"category","embeddable":true,"href":"https:\/\/tveventos.tv.br\/index.php?rest_route=%2Fwp%2Fv2%2Fcategories&post=4638"},{"taxonomy":"post_tag","embeddable":true,"href":"https:\/\/tveventos.tv.br\/index.php?rest_route=%2Fwp%2Fv2%2Ftags&post=4638"}],"curies":[{"name":"wp","href":"https:\/\/api.w.org\/{rel}","templated":true}]}}