{"id":4643,"date":"2025-05-05T18:20:19","date_gmt":"2025-05-05T21:20:19","guid":{"rendered":"https:\/\/tveventos.tv.br\/?p=4643"},"modified":"2025-05-05T18:20:46","modified_gmt":"2025-05-05T21:20:46","slug":"apas-show-2","status":"publish","type":"post","link":"https:\/\/tveventos.tv.br\/?p=4643","title":{"rendered":"APAS SHOW"},"content":{"rendered":"\n<p>Reconhecido como o maior evento de alimentos e bebidas das Am\u00e9ricas e o maior festival supermercadista do mundo, O FESTIVAL APAS SHOW 2025 \u00e9 um festival para abrir a mente e fechar neg\u00f3cios. Durante os quatro dias de evento, voc\u00ea encontra tudo o que h\u00e1 de mais relevante para o setor: alimentos, bebidas, tecnologia, inova\u00e7\u00e3o, log\u00edstica, finan\u00e7as, infraestrutura, equipamentos e muito mais.<\/p>\n\n\n\n<p>Mais do que um evento, \u00e9 um ambiente completo que conecta as maiores empresas da cadeia produtiva, nacional e internacional, permitindo ampliar o networking, explorar novidades e lan\u00e7amentos, fechar parcerias estrat\u00e9gicas e compartilhar conhecimento. No Congresso, com o tema &#8220;Update-se: Um novo l\u00edder para um novo varejo&#8221;, voc\u00ea ter\u00e1 acesso \u00e0s principais tend\u00eancias e inova\u00e7\u00f5es que est\u00e3o moldando o mercado.<\/p>\n\n\n\n<p>Em 2024, o evento contou com a participa\u00e7\u00e3o de 850 expositores, sendo 200 internacionais, e atraiu 73.506 visitantes, gerando mais de R$ 15,3 bilh\u00f5es em neg\u00f3cios. O congresso reuniu 2.790 congressistas, com 54 palestras e 112 palestrantes, abordando temas relevantes para o setor.<\/p>\n\n\n\n<p>Junte-se a n\u00f3s nos dias 12 a 15 de Maio, dia 12 at\u00e9 14 das 12h \u00e0s 20h dia 15 at\u00e9 18h no Expo Center Norte<\/p>\n\n\n\n<p>Endere\u00e7o: \u00a0Rua Jos\u00e9 Bernardo Pinto 333, S\u00e3o Paulo, SP, 02055-000<\/p>\n\n\n\n<p><\/p>\n\n\n\n<p><br><\/p>\n","protected":false},"excerpt":{"rendered":"<p>Reconhecido como o maior evento de alimentos e bebidas das Am\u00e9ricas e o maior festival supermercadista do mundo, O FESTIVAL APAS SHOW 2025 \u00e9 um festival para abrir a mente e fechar neg\u00f3cios. Durante os quatro dias de evento, voc\u00ea encontra tudo o que h\u00e1 de mais relevante para o setor: alimentos, bebidas, tecnologia, inova\u00e7\u00e3o, [&hellip;]<\/p>\n","protected":false},"author":3,"featured_media":4644,"comment_status":"open","ping_status":"open","sticky":false,"template":"","format":"standard","meta":{"footnotes":""},"categories":[25],"tags":[],"class_list":{"0":"post-4643","1":"post","2":"type-post","3":"status-publish","4":"format-standard","5":"has-post-thumbnail","7":"category-calendariodeeventos"},"_links":{"self":[{"href":"https:\/\/tveventos.tv.br\/index.php?rest_route=\/wp\/v2\/posts\/4643","targetHints":{"allow":["GET"]}}],"collection":[{"href":"https:\/\/tveventos.tv.br\/index.php?rest_route=\/wp\/v2\/posts"}],"about":[{"href":"https:\/\/tveventos.tv.br\/index.php?rest_route=\/wp\/v2\/types\/post"}],"author":[{"embeddable":true,"href":"https:\/\/tveventos.tv.br\/index.php?rest_route=\/wp\/v2\/users\/3"}],"replies":[{"embeddable":true,"href":"https:\/\/tveventos.tv.br\/index.php?rest_route=%2Fwp%2Fv2%2Fcomments&post=4643"}],"version-history":[{"count":1,"href":"https:\/\/tveventos.tv.br\/index.php?rest_route=\/wp\/v2\/posts\/4643\/revisions"}],"predecessor-version":[{"id":4645,"href":"https:\/\/tveventos.tv.br\/index.php?rest_route=\/wp\/v2\/posts\/4643\/revisions\/4645"}],"wp:featuredmedia":[{"embeddable":true,"href":"https:\/\/tveventos.tv.br\/index.php?rest_route=\/wp\/v2\/media\/4644"}],"wp:attachment":[{"href":"https:\/\/tveventos.tv.br\/index.php?rest_route=%2Fwp%2Fv2%2Fmedia&parent=4643"}],"wp:term":[{"taxonomy":"category","embeddable":true,"href":"https:\/\/tveventos.tv.br\/index.php?rest_route=%2Fwp%2Fv2%2Fcategories&post=4643"},{"taxonomy":"post_tag","embeddable":true,"href":"https:\/\/tveventos.tv.br\/index.php?rest_route=%2Fwp%2Fv2%2Ftags&post=4643"}],"curies":[{"name":"wp","href":"https:\/\/api.w.org\/{rel}","templated":true}]}}