{"id":4646,"date":"2025-05-05T18:30:42","date_gmt":"2025-05-05T21:30:42","guid":{"rendered":"https:\/\/tveventos.tv.br\/?p=4646"},"modified":"2025-05-05T18:30:43","modified_gmt":"2025-05-05T21:30:43","slug":"fenagra-2","status":"publish","type":"post","link":"https:\/\/tveventos.tv.br\/?p=4646","title":{"rendered":"FENAGRA"},"content":{"rendered":"\n<p>A Fenagra 2025 \u00e9 a principal feira internacional da agroind\u00fastria Feed &amp; Food da Am\u00e9rica Latina, reunindo os principais players dos setores de nutri\u00e7\u00e3o animal e humana, reciclagem animal, \u00f3leos e gorduras vegetais, biodiesel, gr\u00e3os e derivados. O evento ocorrer\u00e1 de 13 a 15 de maio de 2025, no Distrito Anhembi, em S\u00e3o Paulo, das 11h \u00e0s 19h. A entrada \u00e9 gratuita, mas \u00e9 necess\u00e1rio realizar o credenciamento online no site oficial da feira.<\/p>\n\n\n\n<p>Em sua 18\u00aa edi\u00e7\u00e3o, a Fenagra 2025 contar\u00e1 com a participa\u00e7\u00e3o de mais de 230 expositores de 17 pa\u00edses, ocupando uma \u00e1rea de 16 mil metros quadrados. Os expositores apresentar\u00e3o tecnologias inovadoras e produtos relacionados \u00e0 agroind\u00fastria, abrangendo setores como Pet Food, Aqua Feed, Animal Feed (aves, su\u00ednos e bovinos), \u00f3leos e gorduras vegetais, gr\u00e3os e derivados, biodiesel, frigor\u00edficos, graxarias, entre outros.<\/p>\n\n\n\n<p>Al\u00e9m da exposi\u00e7\u00e3o, ser\u00e3o realizados 11 congressos t\u00e9cnicos em paralelo, promovidos por associa\u00e7\u00f5es dos setores representados. Entre os destaques est\u00e3o o V Workshop CBNA sobre Nutri\u00e7\u00e3o em Aquacultura, o II F\u00f3rum Biodiesel e Bioquerosene \u2013 Tecnologia e Inova\u00e7\u00e3o, o XXIV Congresso CBNA PET, o VIII Workshop CBNA sobre Nutri\u00e7\u00e3o e Nutrologia de C\u00e3es e Gatos, o VIII Congresso \u00d3leos &amp; Gorduras, o 10\u00ba Di\u00e1logo T\u00e9cnico \u2013 Setor de Reciclagem Animal, da ABRA, e o Congresso ABISA Sudeste, da Associa\u00e7\u00e3o Brasileira de Produtos de Higiene &amp; Limpeza e Afins.<\/p>\n\n\n\n<p>A expectativa \u00e9 atrair cerca de 9 mil pessoas, entre visitantes e congressistas, e gerar aproximadamente R$ 880 milh\u00f5es em neg\u00f3cios, um acr\u00e9scimo de 10% em rela\u00e7\u00e3o \u00e0 \u00faltima edi\u00e7\u00e3o.<\/p>\n\n\n\n<p>Junte-se a n\u00f3s nos dias 13 a 15 de Maio, das 11h \u00e0s 19h no Distrito Anhembi<\/p>\n\n\n\n<p>Endere\u00e7o: Avenida Olavo Fontoura, N\u00b0 1. 209\/Santana, S\u00e3o Paulo, SP, 02012-021<br><\/p>\n\n\n\n<p><\/p>\n","protected":false},"excerpt":{"rendered":"<p>A Fenagra 2025 \u00e9 a principal feira internacional da agroind\u00fastria Feed &amp; Food da Am\u00e9rica Latina, reunindo os principais players dos setores de nutri\u00e7\u00e3o animal e humana, reciclagem animal, \u00f3leos e gorduras vegetais, biodiesel, gr\u00e3os e derivados. O evento ocorrer\u00e1 de 13 a 15 de maio de 2025, no Distrito Anhembi, em S\u00e3o Paulo, das [&hellip;]<\/p>\n","protected":false},"author":3,"featured_media":4648,"comment_status":"open","ping_status":"open","sticky":false,"template":"","format":"standard","meta":{"footnotes":""},"categories":[25],"tags":[],"class_list":{"0":"post-4646","1":"post","2":"type-post","3":"status-publish","4":"format-standard","5":"has-post-thumbnail","7":"category-calendariodeeventos"},"_links":{"self":[{"href":"https:\/\/tveventos.tv.br\/index.php?rest_route=\/wp\/v2\/posts\/4646","targetHints":{"allow":["GET"]}}],"collection":[{"href":"https:\/\/tveventos.tv.br\/index.php?rest_route=\/wp\/v2\/posts"}],"about":[{"href":"https:\/\/tveventos.tv.br\/index.php?rest_route=\/wp\/v2\/types\/post"}],"author":[{"embeddable":true,"href":"https:\/\/tveventos.tv.br\/index.php?rest_route=\/wp\/v2\/users\/3"}],"replies":[{"embeddable":true,"href":"https:\/\/tveventos.tv.br\/index.php?rest_route=%2Fwp%2Fv2%2Fcomments&post=4646"}],"version-history":[{"count":1,"href":"https:\/\/tveventos.tv.br\/index.php?rest_route=\/wp\/v2\/posts\/4646\/revisions"}],"predecessor-version":[{"id":4649,"href":"https:\/\/tveventos.tv.br\/index.php?rest_route=\/wp\/v2\/posts\/4646\/revisions\/4649"}],"wp:featuredmedia":[{"embeddable":true,"href":"https:\/\/tveventos.tv.br\/index.php?rest_route=\/wp\/v2\/media\/4648"}],"wp:attachment":[{"href":"https:\/\/tveventos.tv.br\/index.php?rest_route=%2Fwp%2Fv2%2Fmedia&parent=4646"}],"wp:term":[{"taxonomy":"category","embeddable":true,"href":"https:\/\/tveventos.tv.br\/index.php?rest_route=%2Fwp%2Fv2%2Fcategories&post=4646"},{"taxonomy":"post_tag","embeddable":true,"href":"https:\/\/tveventos.tv.br\/index.php?rest_route=%2Fwp%2Fv2%2Ftags&post=4646"}],"curies":[{"name":"wp","href":"https:\/\/api.w.org\/{rel}","templated":true}]}}