{"id":4655,"date":"2025-05-12T14:19:14","date_gmt":"2025-05-12T17:19:14","guid":{"rendered":"https:\/\/tveventos.tv.br\/?p=4655"},"modified":"2025-05-12T14:19:15","modified_gmt":"2025-05-12T17:19:15","slug":"mara-cakes-fair-2025-a-maior-feira-de-confeitaria-das-americas-retorna-a-sao-paulo-com-expectativa-de-crescimento","status":"publish","type":"post","link":"https:\/\/tveventos.tv.br\/?p=4655","title":{"rendered":"Mara Cakes Fair 2025: a maior feira de Confeitaria das Am\u00e9ricas retorna a S\u00e3o Paulo com expectativa de crescimento"},"content":{"rendered":"\n<p><strong><em>A maior feira de confeitaria das Am\u00e9ricas volta a S\u00e3o Paulo de 29\/05 a 01\/06 com expectativa de receber 20% mais p\u00fablico.<\/em><\/strong><em>\u00a0Ser\u00e3o mais de 1.600 aulas, atra\u00e7\u00f5es in\u00e9ditas e marcas do Brasil e do exterior. A Mara Cakes Fair \u00e9 o principal encontro de tend\u00eancias, neg\u00f3cios e inspira\u00e7\u00e3o da confeitaria.<\/em><\/p>\n\n\n\n<p><strong>S\u00e3o Paulo, abril de 2025<\/strong>&nbsp;\u2013 A Mara Cakes Fair, reconhecida como o maior evento de confeitaria das Am\u00e9ricas, prepara-se para sua 7\u00aa edi\u00e7\u00e3o, que acontecer\u00e1 de 29 de maio a 1\u00ba de junho de 2025, no S\u00e3o Paulo Expo. Ap\u00f3s reunir mais de 40 mil visitantes e cerca de 220 marcas expositoras em 2024, a organiza\u00e7\u00e3o projeta um crescimento de 20% no p\u00fablico para este ano.<\/p>\n\n\n\n<p><strong>S\u00e3o Paulo: palco estrat\u00e9gico do setor MICE com proje\u00e7\u00e3o internacional<\/strong><\/p>\n\n\n\n<p>Reconhecida como o epicentro do setor MICE (Meetings, Incentives, Conferences and Exhibitions) no Brasil, S\u00e3o Paulo se destaca pela infraestrutura moderna, localiza\u00e7\u00e3o estrat\u00e9gica e por uma oferta incompar\u00e1vel de cultura, lazer e gastronomia. Esses fatores fazem da cidade o palco ideal para eventos de grande porte e repercuss\u00e3o internacional \u2014 como \u00e9 o caso da Mara Cakes Fair.<\/p>\n\n\n\n<p>A feira atrai um p\u00fablico altamente engajado e qualificado, formado principalmente por empreendedoras apaixonadas pelo universo da confeitaria e da chocolataria. Entre os visitantes est\u00e3o confeiteiros, cake designers, chocolatiers, empreendedores, fornecedores, influenciadores digitais e entusiastas da confeitaria artesanal, que atuam em segmentos como padarias, cafeterias, supermercados, docerias, confeitarias, restaurantes, lojas especializadas em bolos, buffets, hot\u00e9is, pousadas e at\u00e9 ind\u00fastrias aliment\u00edcias.<\/p>\n\n\n\n<p>Com alcance nacional e internacional, a feira recebeu visitantes de todos os estados brasileiros e tamb\u00e9m de diversos pa\u00edses da Am\u00e9rica Latina, como Argentina, Chile, Paraguai, Bol\u00edvia e Peru. A edi\u00e7\u00e3o de 2024 contou com 119 caravanas organizadas e participantes vindos de 9 pa\u00edses, incluindo Angola, Argentina, Bol\u00edvia, Chile, Costa Rica, Peru, Paraguai, Venezuela e Portugal \u2014 consolidando a Mara Cakes Fair como um dos maiores pontos de encontro da confeitaria no cen\u00e1rio global.<\/p>\n\n\n\n<p><strong>Programa\u00e7\u00e3o e atra\u00e7\u00f5es<\/strong><\/p>\n\n\n\n<p>Durante os quatro dias de feira, os participantes ter\u00e3o acesso a cerca de 1.600 aulas, al\u00e9m de workshops, palestras e demonstra\u00e7\u00f5es pr\u00e1ticas oferecidas por expositores e especialistas renomados do setor. A programa\u00e7\u00e3o inclui atra\u00e7\u00f5es como:\u200b<\/p>\n\n\n\n<p>\u00b7&nbsp;&nbsp;&nbsp;&nbsp;&nbsp;&nbsp;&nbsp;&nbsp;&nbsp;<strong>Sugar Fashion<\/strong>: Desfiles com roupas ornamentadas com detalhes confeccionados a partir de a\u00e7\u00facar e outros ingredientes.<\/p>\n\n\n\n<p>\u00b7&nbsp;&nbsp;&nbsp;&nbsp;&nbsp;&nbsp;&nbsp;&nbsp;&nbsp;<strong>Sweet Game<\/strong>: Competi\u00e7\u00f5es entre confeiteiros.<\/p>\n\n\n\n<p>\u00b7&nbsp;&nbsp;&nbsp;&nbsp;&nbsp;&nbsp;&nbsp;&nbsp;&nbsp;<strong>Arena Show<\/strong>: Palestras sobre as mais recentes tend\u00eancias e inova\u00e7\u00f5es no mundo da confeitaria.<\/p>\n\n\n\n<p>\u00b7&nbsp;&nbsp;&nbsp;&nbsp;&nbsp;&nbsp;&nbsp;&nbsp;&nbsp;<strong>Arena Kids<\/strong>: Oficinas de confeitaria especialmente projetadas para crian\u00e7as.<\/p>\n\n\n\n<p>\u00b7&nbsp;&nbsp;&nbsp;&nbsp;&nbsp;&nbsp;&nbsp;&nbsp;&nbsp;<strong>Cake Show<\/strong>: Exposi\u00e7\u00e3o de bolos.<\/p>\n\n\n\n<p>\u00b7&nbsp;&nbsp;&nbsp;&nbsp;&nbsp;&nbsp;&nbsp;&nbsp;&nbsp;<strong>Talk Show<\/strong>: Bate-papo com convidados da confeitaria.<\/p>\n\n\n\n<p>\u00b7&nbsp;&nbsp;&nbsp;&nbsp;&nbsp;&nbsp;&nbsp;&nbsp;&nbsp;<strong>Cake Show Live<\/strong>: Cria\u00e7\u00e3o do bolo oficial da Mara Cakes Fair por grandes profissionais da confeitaria. \u200b<\/p>\n\n\n\n<p>Com destaque para a estreia de uma nova atra\u00e7\u00e3o: o&nbsp;<strong>palco Arena Bakery<\/strong>, onde a panifica\u00e7\u00e3o assume o centro do protagonismo da confeitaria \u2013 um segmento que tamb\u00e9m movimenta e inspira o setor.<\/p>\n\n\n\n<p><strong>Oportunidades de Neg\u00f3cios e Tend\u00eancias<\/strong><\/p>\n\n\n\n<p>Mais do que um evento, a Mara Cakes Fair se consolida como um verdadeiro hub de inova\u00e7\u00e3o, lan\u00e7amentos e tend\u00eancias no setor de confeitaria, chocolataria e, agora, a panifica\u00e7\u00e3o. \u00c9 o espa\u00e7o onde criatividade, t\u00e9cnica e mercado se encontram para impulsionar o crescimento de milhares de profissionais.<\/p>\n\n\n\n<p>A feira movimenta o setor com neg\u00f3cios, capacita\u00e7\u00e3o e inspira\u00e7\u00e3o, ao mesmo tempo em que promove a valoriza\u00e7\u00e3o da confeitaria artesanal, fomenta a profissionaliza\u00e7\u00e3o e estimula o crescimento sustent\u00e1vel do segmento.<\/p>\n\n\n\n<p>Durante o evento, os participantes t\u00eam acesso a networking de alto n\u00edvel, atualiza\u00e7\u00e3o constante de conhecimentos, demonstra\u00e7\u00f5es ao vivo e contato direto com as principais marcas e especialistas do mercado, tornando a feira um ambiente estrat\u00e9gico para quem deseja evoluir, se posicionar e empreender com sucesso.<\/p>\n\n\n\n<p>Os ingressos ainda est\u00e3o dispon\u00edveis no site oficial.<\/p>\n\n\n\n<p><strong>Servi\u00e7o<\/strong><br><strong>Mara Cakes Fair \u2013 7\u00aa edi\u00e7\u00e3o<\/strong><br><strong>Data:<\/strong>&nbsp;29 de maio a 1\u00ba de junho de 2025<br><strong>Local:<\/strong>&nbsp;S\u00e3o Paulo Expo \u2013 S\u00e3o Paulo\/SP<br><strong>Mais informa\u00e7\u00f5es e ingressos:<\/strong>&nbsp;<a href=\"http:\/\/www.maracakesfair.com.br\/\" target=\"_blank\" rel=\"noreferrer noopener\">www.maracakesfair.com.br<\/a><\/p>\n\n\n\n<p>Mirian Ruiz \u2013 MTB 25.793<\/p>\n\n\n\n<p><\/p>\n","protected":false},"excerpt":{"rendered":"<p>A maior feira de confeitaria das Am\u00e9ricas volta a S\u00e3o Paulo de 29\/05 a 01\/06 com expectativa de receber 20% mais p\u00fablico.\u00a0Ser\u00e3o mais de 1.600 aulas, atra\u00e7\u00f5es in\u00e9ditas e marcas do Brasil e do exterior. A Mara Cakes Fair \u00e9 o principal encontro de tend\u00eancias, neg\u00f3cios e inspira\u00e7\u00e3o da confeitaria. S\u00e3o Paulo, abril de 2025&nbsp;\u2013 [&hellip;]<\/p>\n","protected":false},"author":3,"featured_media":4656,"comment_status":"open","ping_status":"open","sticky":false,"template":"","format":"standard","meta":{"footnotes":""},"categories":[23],"tags":[],"class_list":{"0":"post-4655","1":"post","2":"type-post","3":"status-publish","4":"format-standard","5":"has-post-thumbnail","7":"category-feirasdenegocios"},"_links":{"self":[{"href":"https:\/\/tveventos.tv.br\/index.php?rest_route=\/wp\/v2\/posts\/4655","targetHints":{"allow":["GET"]}}],"collection":[{"href":"https:\/\/tveventos.tv.br\/index.php?rest_route=\/wp\/v2\/posts"}],"about":[{"href":"https:\/\/tveventos.tv.br\/index.php?rest_route=\/wp\/v2\/types\/post"}],"author":[{"embeddable":true,"href":"https:\/\/tveventos.tv.br\/index.php?rest_route=\/wp\/v2\/users\/3"}],"replies":[{"embeddable":true,"href":"https:\/\/tveventos.tv.br\/index.php?rest_route=%2Fwp%2Fv2%2Fcomments&post=4655"}],"version-history":[{"count":1,"href":"https:\/\/tveventos.tv.br\/index.php?rest_route=\/wp\/v2\/posts\/4655\/revisions"}],"predecessor-version":[{"id":4657,"href":"https:\/\/tveventos.tv.br\/index.php?rest_route=\/wp\/v2\/posts\/4655\/revisions\/4657"}],"wp:featuredmedia":[{"embeddable":true,"href":"https:\/\/tveventos.tv.br\/index.php?rest_route=\/wp\/v2\/media\/4656"}],"wp:attachment":[{"href":"https:\/\/tveventos.tv.br\/index.php?rest_route=%2Fwp%2Fv2%2Fmedia&parent=4655"}],"wp:term":[{"taxonomy":"category","embeddable":true,"href":"https:\/\/tveventos.tv.br\/index.php?rest_route=%2Fwp%2Fv2%2Fcategories&post=4655"},{"taxonomy":"post_tag","embeddable":true,"href":"https:\/\/tveventos.tv.br\/index.php?rest_route=%2Fwp%2Fv2%2Ftags&post=4655"}],"curies":[{"name":"wp","href":"https:\/\/api.w.org\/{rel}","templated":true}]}}