{"id":4661,"date":"2025-05-16T17:37:52","date_gmt":"2025-05-16T20:37:52","guid":{"rendered":"https:\/\/tveventos.tv.br\/?p=4661"},"modified":"2025-05-16T17:37:53","modified_gmt":"2025-05-16T20:37:53","slug":"bfshow-2025","status":"publish","type":"post","link":"https:\/\/tveventos.tv.br\/?p=4661","title":{"rendered":"BFSHOW 2025"},"content":{"rendered":"\n<p>A BFSHOW 2025, ou Brazilian Footwear Show, \u00e9 a maior feira do setor cal\u00e7adista da Am\u00e9rica Latina e ser\u00e1 realizada entre os dias 19 e 21 de maio de 2025 no Distrito Anhembi, em S\u00e3o Paulo. Esta ser\u00e1 a 4\u00aa edi\u00e7\u00e3o do evento, organizado pela Abical\u00e7ados (Associa\u00e7\u00e3o Brasileira das Ind\u00fastrias de Cal\u00e7ados) em parceria com a N\u00fcrnbergMesse Brasil. A feira tem se consolidado como uma plataforma estrat\u00e9gica para o setor, reunindo fabricantes de cal\u00e7ados, lojistas, distribuidores e profissionais da ind\u00fastria, tanto do Brasil quanto do exterior.<\/p>\n\n\n\n<p>A edi\u00e7\u00e3o de 2025 promete ser ainda maior do que as anteriores, com um espa\u00e7o de 31,9 mil metros quadrados, cerca de 30% maior do que o evento anterior. S\u00e3o esperados mais de 350 expositores apresentando lan\u00e7amentos em cal\u00e7ados masculinos, femininos, esportivos e infantis. Al\u00e9m da exposi\u00e7\u00e3o de produtos, a BFSHOW tamb\u00e9m oferece uma s\u00e9rie de atividades voltadas para o desenvolvimento do setor, como rodadas de neg\u00f3cios, palestras com especialistas, workshops sobre inova\u00e7\u00e3o, sustentabilidade, design e marketing.<\/p>\n\n\n\n<p>A feira tem como principal objetivo fomentar conex\u00f5es comerciais e estrat\u00e9gicas, promovendo o networking entre os diferentes elos da cadeia cal\u00e7adista e impulsionando a internacionaliza\u00e7\u00e3o das marcas brasileiras. \u00c9 uma oportunidade valiosa para quem atua no setor conhecer as \u00faltimas tend\u00eancias, firmar parcerias e expandir sua atua\u00e7\u00e3o no mercado.<\/p>\n\n\n\n<p>O credenciamento para o evento pode ser feito atrav\u00e9s do site oficial da BFSHOW, e a feira \u00e9 voltada exclusivamente para profissionais do setor.<\/p>\n\n\n\n<p>Endere\u00e7o: Avenida Olavo Fontoura, N\u00b0 1. 209\/Santana, S\u00e3o Paulo, SP, 02012-021<\/p>\n\n\n\n<p>Junte-se a n\u00f3s nos dias 19 a 21 de Maio dias 19\/05 e 20\/05 das 9h \u00e0s 19h, dia 21\/05 das 9h \u00e0s 17h no Distrito Anhembi.<br><\/p>\n\n\n\n<p><br><\/p>\n","protected":false},"excerpt":{"rendered":"<p>A BFSHOW 2025, ou Brazilian Footwear Show, \u00e9 a maior feira do setor cal\u00e7adista da Am\u00e9rica Latina e ser\u00e1 realizada entre os dias 19 e 21 de maio de 2025 no Distrito Anhembi, em S\u00e3o Paulo. Esta ser\u00e1 a 4\u00aa edi\u00e7\u00e3o do evento, organizado pela Abical\u00e7ados (Associa\u00e7\u00e3o Brasileira das Ind\u00fastrias de Cal\u00e7ados) em parceria com [&hellip;]<\/p>\n","protected":false},"author":3,"featured_media":4662,"comment_status":"open","ping_status":"open","sticky":false,"template":"","format":"standard","meta":{"footnotes":""},"categories":[25],"tags":[],"class_list":{"0":"post-4661","1":"post","2":"type-post","3":"status-publish","4":"format-standard","5":"has-post-thumbnail","7":"category-calendariodeeventos"},"_links":{"self":[{"href":"https:\/\/tveventos.tv.br\/index.php?rest_route=\/wp\/v2\/posts\/4661","targetHints":{"allow":["GET"]}}],"collection":[{"href":"https:\/\/tveventos.tv.br\/index.php?rest_route=\/wp\/v2\/posts"}],"about":[{"href":"https:\/\/tveventos.tv.br\/index.php?rest_route=\/wp\/v2\/types\/post"}],"author":[{"embeddable":true,"href":"https:\/\/tveventos.tv.br\/index.php?rest_route=\/wp\/v2\/users\/3"}],"replies":[{"embeddable":true,"href":"https:\/\/tveventos.tv.br\/index.php?rest_route=%2Fwp%2Fv2%2Fcomments&post=4661"}],"version-history":[{"count":1,"href":"https:\/\/tveventos.tv.br\/index.php?rest_route=\/wp\/v2\/posts\/4661\/revisions"}],"predecessor-version":[{"id":4663,"href":"https:\/\/tveventos.tv.br\/index.php?rest_route=\/wp\/v2\/posts\/4661\/revisions\/4663"}],"wp:featuredmedia":[{"embeddable":true,"href":"https:\/\/tveventos.tv.br\/index.php?rest_route=\/wp\/v2\/media\/4662"}],"wp:attachment":[{"href":"https:\/\/tveventos.tv.br\/index.php?rest_route=%2Fwp%2Fv2%2Fmedia&parent=4661"}],"wp:term":[{"taxonomy":"category","embeddable":true,"href":"https:\/\/tveventos.tv.br\/index.php?rest_route=%2Fwp%2Fv2%2Fcategories&post=4661"},{"taxonomy":"post_tag","embeddable":true,"href":"https:\/\/tveventos.tv.br\/index.php?rest_route=%2Fwp%2Fv2%2Ftags&post=4661"}],"curies":[{"name":"wp","href":"https:\/\/api.w.org\/{rel}","templated":true}]}}