{"id":4666,"date":"2025-05-16T17:46:49","date_gmt":"2025-05-16T20:46:49","guid":{"rendered":"https:\/\/tveventos.tv.br\/?p=4666"},"modified":"2025-05-16T17:46:50","modified_gmt":"2025-05-16T20:46:50","slug":"hospitalar-2025","status":"publish","type":"post","link":"https:\/\/tveventos.tv.br\/?p=4666","title":{"rendered":"HOSPITALAR 2025"},"content":{"rendered":"\n<p>A Hospitalar 2025 \u00e9 a 30\u00aa edi\u00e7\u00e3o da principal feira de sa\u00fade da Am\u00e9rica Latina, programada para ocorrer de 20 a 23 de maio de 2025 no S\u00e3o Paulo Expo. Organizada pela Informa Markets, a feira se consolidou como a principal plataforma de neg\u00f3cios e conte\u00fado do setor, reunindo mais de 1.200 marcas expositoras e profissionais de 80 pa\u00edses. Com uma programa\u00e7\u00e3o de 270 horas de conte\u00fado especializado, o evento abrange temas como inova\u00e7\u00e3o, gest\u00e3o hospitalar, engenharia cl\u00ednica, sustentabilidade e sa\u00fade digital.<\/p>\n\n\n\n<p>Entre os destaques da edi\u00e7\u00e3o de 2025 est\u00e3o as arenas de conte\u00fado, como a Arena de Engenharia Cl\u00ednica, com curadoria da Associa\u00e7\u00e3o Brasileira de Engenharia Cl\u00ednica (Abeclin), e a Arena Hospitalar HUB, que promove debates sobre gest\u00e3o e inova\u00e7\u00e3o na sa\u00fade. Al\u00e9m disso, ser\u00e3o realizados nove congressos, incluindo temas como Gest\u00e3o Veterin\u00e1ria, Supply Chain, Infraestrutura e Cuidados Respirat\u00f3rios, al\u00e9m dos tradicionais congressos de Reabilita\u00e7\u00e3o, Hotelaria e Facilities, Aten\u00e7\u00e3o Domiciliar e Cuidados de Transi\u00e7\u00e3o, Servi\u00e7os de Sa\u00fade e Future of Digital Health.&nbsp;<\/p>\n\n\n\n<p>A Hospitalar 2025 tamb\u00e9m se destaca por suas iniciativas sustent\u00e1veis, alinhadas aos Objetivos de Desenvolvimento Sustent\u00e1vel (ODS) da ONU. O evento busca tornar-se neutro em carbono at\u00e9 2025 e alcan\u00e7ar um modelo de zero res\u00edduo e zero carbono l\u00edquido at\u00e9 2030. Entre as a\u00e7\u00f5es implementadas est\u00e3o a redu\u00e7\u00e3o de materiais impressos, reciclagem de credenciais, card\u00e1pios sustent\u00e1veis, coleta seletiva, efici\u00eancia energ\u00e9tica e incentivo ao transporte sustent\u00e1vel.&nbsp;<\/p>\n\n\n\n<p>Para facilitar o acesso ao evento, ser\u00e3o disponibilizadas vans gratuitas em pontos estrat\u00e9gicos de S\u00e3o Paulo, como o aeroporto de Congonhas, shopping Plaza Sul, estacionamento do zool\u00f3gico e metr\u00f4 Santos-Imigrantes. Essa iniciativa visa reduzir a circula\u00e7\u00e3o de ve\u00edculos individuais e proporcionar um acesso mais \u00e1gil e seguro ao S\u00e3o Paulo Expo.&nbsp;<\/p>\n\n\n\n<p>O credenciamento para a Hospitalar 2025 j\u00e1 est\u00e1 aberto e pode ser realizado por meio do site oficial do evento. Profissionais da sa\u00fade, gestores, fornecedores e demais interessados t\u00eam a oportunidade de participar de um evento que se reafirma como refer\u00eancia em inova\u00e7\u00e3o, neg\u00f3cios e sustentabilidade no setor de sa\u00fade.<\/p>\n\n\n\n<p>Endere\u00e7o: Rod. dos Imigrantes 5, S\/N, km. 1, S\u00e3o Paulo, SP, 04329-900<\/p>\n\n\n\n<p>Junte-se a n\u00f3s nos dias 20 a 23, das 11h \u00e0s 20h no S\u00e3o Paulo Expo<\/p>\n\n\n\n<p><\/p>\n","protected":false},"excerpt":{"rendered":"<p>A Hospitalar 2025 \u00e9 a 30\u00aa edi\u00e7\u00e3o da principal feira de sa\u00fade da Am\u00e9rica Latina, programada para ocorrer de 20 a 23 de maio de 2025 no S\u00e3o Paulo Expo. Organizada pela Informa Markets, a feira se consolidou como a principal plataforma de neg\u00f3cios e conte\u00fado do setor, reunindo mais de 1.200 marcas expositoras e [&hellip;]<\/p>\n","protected":false},"author":3,"featured_media":4667,"comment_status":"open","ping_status":"open","sticky":false,"template":"","format":"standard","meta":{"footnotes":""},"categories":[25],"tags":[],"class_list":{"0":"post-4666","1":"post","2":"type-post","3":"status-publish","4":"format-standard","5":"has-post-thumbnail","7":"category-calendariodeeventos"},"_links":{"self":[{"href":"https:\/\/tveventos.tv.br\/index.php?rest_route=\/wp\/v2\/posts\/4666","targetHints":{"allow":["GET"]}}],"collection":[{"href":"https:\/\/tveventos.tv.br\/index.php?rest_route=\/wp\/v2\/posts"}],"about":[{"href":"https:\/\/tveventos.tv.br\/index.php?rest_route=\/wp\/v2\/types\/post"}],"author":[{"embeddable":true,"href":"https:\/\/tveventos.tv.br\/index.php?rest_route=\/wp\/v2\/users\/3"}],"replies":[{"embeddable":true,"href":"https:\/\/tveventos.tv.br\/index.php?rest_route=%2Fwp%2Fv2%2Fcomments&post=4666"}],"version-history":[{"count":1,"href":"https:\/\/tveventos.tv.br\/index.php?rest_route=\/wp\/v2\/posts\/4666\/revisions"}],"predecessor-version":[{"id":4668,"href":"https:\/\/tveventos.tv.br\/index.php?rest_route=\/wp\/v2\/posts\/4666\/revisions\/4668"}],"wp:featuredmedia":[{"embeddable":true,"href":"https:\/\/tveventos.tv.br\/index.php?rest_route=\/wp\/v2\/media\/4667"}],"wp:attachment":[{"href":"https:\/\/tveventos.tv.br\/index.php?rest_route=%2Fwp%2Fv2%2Fmedia&parent=4666"}],"wp:term":[{"taxonomy":"category","embeddable":true,"href":"https:\/\/tveventos.tv.br\/index.php?rest_route=%2Fwp%2Fv2%2Fcategories&post=4666"},{"taxonomy":"post_tag","embeddable":true,"href":"https:\/\/tveventos.tv.br\/index.php?rest_route=%2Fwp%2Fv2%2Ftags&post=4666"}],"curies":[{"name":"wp","href":"https:\/\/api.w.org\/{rel}","templated":true}]}}