{"id":4669,"date":"2025-05-16T18:09:33","date_gmt":"2025-05-16T21:09:33","guid":{"rendered":"https:\/\/tveventos.tv.br\/?p=4669"},"modified":"2025-05-16T18:09:34","modified_gmt":"2025-05-16T21:09:34","slug":"expo-nutricao-e-beleza","status":"publish","type":"post","link":"https:\/\/tveventos.tv.br\/?p=4669","title":{"rendered":"EXPO NUTRI\u00c7\u00c3O E BELEZA"},"content":{"rendered":"\n<p>A Expo Nutri\u00e7\u00e3o &amp; Beleza 2025, tamb\u00e9m conhecida como MBNE, acontecer\u00e1 nos dias 23 e 24 de maio no Centro de Conven\u00e7\u00f5es Frei Caneca, em S\u00e3o Paulo. Este evento, que celebra sua 10\u00aa edi\u00e7\u00e3o, se consolidou como um dos maiores encontros do setor de nutri\u00e7\u00e3o est\u00e9tica e sa\u00fade da mulher no Brasil. Com mais de 40 horas de conte\u00fado, o MBNE reunir\u00e1 40 palestrantes renomados de diversas regi\u00f5es do pa\u00eds, abordando temas como dermonutri\u00e7\u00e3o, sa\u00fade capilar, menopausa, endometriose, lipedema e prescri\u00e7\u00e3o de precis\u00e3o.<\/p>\n\n\n\n<p>O evento ser\u00e1 dividido em tr\u00eas salas simult\u00e2neas, proporcionando uma experi\u00eancia imersiva e integrativa entre nutri\u00e7\u00e3o, medicina e est\u00e9tica. Os participantes ter\u00e3o acesso a m\u00f3dulos interativos, din\u00e2micas no palco, talks shows exclusivos e discuss\u00f5es de casos cl\u00ednicos. Al\u00e9m disso, a feira contar\u00e1 com mais de 60 marcas expositoras, apresentando lan\u00e7amentos e novidades do setor, com foco em suplementos, nutrac\u00eauticos e cosm\u00e9ticos naturais.<\/p>\n\n\n\n<p>A Expo \u00e9 voltada para nutricionistas, m\u00e9dicos, farmac\u00eauticos, esteticistas e lojistas que buscam atualiza\u00e7\u00e3o profissional e oportunidades de neg\u00f3cios. Os ingressos est\u00e3o dispon\u00edveis em diferentes modalidades, incluindo passaportes para os dois dias de evento. Para quem vem de fora de S\u00e3o Paulo, h\u00e1 op\u00e7\u00f5es de pacotes de viagem e hospedagem em parceria com ag\u00eancias especializadas.<\/p>\n\n\n\n<p>Para mais informa\u00e7\u00f5es sobre programa\u00e7\u00e3o, palestrantes e inscri\u00e7\u00f5es, visite o site oficial do evento:<a href=\"https:\/\/nutricaoesteticabrasil.com.br\/\"> nutricaoesteticabrasil.com.br<\/a>.<\/p>\n\n\n\n<p>Endere\u00e7o: Rua Frei Caneca 569, S\u00e3o Paulo, SP, 01307-001<\/p>\n\n\n\n<p>Junte-se a n\u00f3s nos dias 23 e 24, das 9h \u00e0s 18h no Frei Caneca<\/p>\n\n\n\n<p><\/p>\n","protected":false},"excerpt":{"rendered":"<p>A Expo Nutri\u00e7\u00e3o &amp; Beleza 2025, tamb\u00e9m conhecida como MBNE, acontecer\u00e1 nos dias 23 e 24 de maio no Centro de Conven\u00e7\u00f5es Frei Caneca, em S\u00e3o Paulo. Este evento, que celebra sua 10\u00aa edi\u00e7\u00e3o, se consolidou como um dos maiores encontros do setor de nutri\u00e7\u00e3o est\u00e9tica e sa\u00fade da mulher no Brasil. Com mais de [&hellip;]<\/p>\n","protected":false},"author":3,"featured_media":4670,"comment_status":"open","ping_status":"open","sticky":false,"template":"","format":"standard","meta":{"footnotes":""},"categories":[25],"tags":[],"class_list":{"0":"post-4669","1":"post","2":"type-post","3":"status-publish","4":"format-standard","5":"has-post-thumbnail","7":"category-calendariodeeventos"},"_links":{"self":[{"href":"https:\/\/tveventos.tv.br\/index.php?rest_route=\/wp\/v2\/posts\/4669","targetHints":{"allow":["GET"]}}],"collection":[{"href":"https:\/\/tveventos.tv.br\/index.php?rest_route=\/wp\/v2\/posts"}],"about":[{"href":"https:\/\/tveventos.tv.br\/index.php?rest_route=\/wp\/v2\/types\/post"}],"author":[{"embeddable":true,"href":"https:\/\/tveventos.tv.br\/index.php?rest_route=\/wp\/v2\/users\/3"}],"replies":[{"embeddable":true,"href":"https:\/\/tveventos.tv.br\/index.php?rest_route=%2Fwp%2Fv2%2Fcomments&post=4669"}],"version-history":[{"count":1,"href":"https:\/\/tveventos.tv.br\/index.php?rest_route=\/wp\/v2\/posts\/4669\/revisions"}],"predecessor-version":[{"id":4671,"href":"https:\/\/tveventos.tv.br\/index.php?rest_route=\/wp\/v2\/posts\/4669\/revisions\/4671"}],"wp:featuredmedia":[{"embeddable":true,"href":"https:\/\/tveventos.tv.br\/index.php?rest_route=\/wp\/v2\/media\/4670"}],"wp:attachment":[{"href":"https:\/\/tveventos.tv.br\/index.php?rest_route=%2Fwp%2Fv2%2Fmedia&parent=4669"}],"wp:term":[{"taxonomy":"category","embeddable":true,"href":"https:\/\/tveventos.tv.br\/index.php?rest_route=%2Fwp%2Fv2%2Fcategories&post=4669"},{"taxonomy":"post_tag","embeddable":true,"href":"https:\/\/tveventos.tv.br\/index.php?rest_route=%2Fwp%2Fv2%2Ftags&post=4669"}],"curies":[{"name":"wp","href":"https:\/\/api.w.org\/{rel}","templated":true}]}}