{"id":4673,"date":"2025-05-21T15:01:46","date_gmt":"2025-05-21T18:01:46","guid":{"rendered":"https:\/\/tveventos.tv.br\/?p=4673"},"modified":"2025-05-21T15:01:48","modified_gmt":"2025-05-21T18:01:48","slug":"beauty-show-2","status":"publish","type":"post","link":"https:\/\/tveventos.tv.br\/?p=4673","title":{"rendered":"BEAUTY SHOW"},"content":{"rendered":"\n<p>A Beauty Show \u00e9 uma feira anual promovida pela Beauty Fair, considerada a maior plataforma de neg\u00f3cios e conte\u00fado do setor de beleza das Am\u00e9ricas. O evento \u00e9 voltado especialmente para profissionais e entusiastas das \u00e1reas de maquiagem e nail art, oferecendo uma verdadeira imers\u00e3o no universo da beleza por meio de conte\u00fados t\u00e9cnicos, tend\u00eancias, workshops e oportunidades de networking.<\/p>\n\n\n\n<p>A edi\u00e7\u00e3o de 2025 est\u00e1 marcada para acontecer entre os dias 24 e 26 de maio, no Expo Center Norte, em S\u00e3o Paulo, funcionando das 10h \u00e0s 20h.<\/p>\n\n\n\n<p>Durante os tr\u00eas dias de evento, o p\u00fablico poder\u00e1 participar de workshops gratuitos, com mais de 15 aulas pr\u00e1ticas ministradas por especialistas renomados. Tamb\u00e9m haver\u00e1 palestras premium com influenciadoras conhecidas no setor, como Bianca Andrade (Boca Rosa), Mari Maria, Bruna Tavares e Nat\u00e1lia Beauty, que compartilhar\u00e3o experi\u00eancias e as principais tend\u00eancias do mercado.<\/p>\n\n\n\n<p>A feira tamb\u00e9m contar\u00e1 com concursos di\u00e1rios premiando as melhores produ\u00e7\u00f5es de maquiagem e nail art, oferecendo kits de produtos e mentorias exclusivas como pr\u00eamios. Al\u00e9m disso, o evento \u00e9 uma excelente oportunidade para fazer networking com marcas, profissionais e empresas do setor, com acesso a promo\u00e7\u00f5es especiais e novidades do mercado.<\/p>\n\n\n\n<p>A Beauty Show \u00e9 indicada tanto para quem j\u00e1 atua na \u00e1rea da beleza quanto para quem deseja se inspirar, aprender e se conectar com o que h\u00e1 de mais atual e inovador no segmento. Para mais informa\u00e7\u00f5es, \u00e9 poss\u00edvel acessar o site oficial do evento:<a href=\"https:\/\/beautyshow.com.br\/\"> beautyshow.com.br<\/a>.<\/p>\n\n\n\n<p>Junte-se a n\u00f3s nos dias 24 a 26 de maio, das 10h \u00e0s 20h no Expo Center Norte.<\/p>\n\n\n\n<p>Endere\u00e7o: Center Norte: Rua Jos\u00e9 Bernardo Pinto 333, S\u00e3o Paulo, SP, 02055-000\u00a0<br><\/p>\n","protected":false},"excerpt":{"rendered":"<p>A Beauty Show \u00e9 uma feira anual promovida pela Beauty Fair, considerada a maior plataforma de neg\u00f3cios e conte\u00fado do setor de beleza das Am\u00e9ricas. O evento \u00e9 voltado especialmente para profissionais e entusiastas das \u00e1reas de maquiagem e nail art, oferecendo uma verdadeira imers\u00e3o no universo da beleza por meio de conte\u00fados t\u00e9cnicos, tend\u00eancias, [&hellip;]<\/p>\n","protected":false},"author":3,"featured_media":4674,"comment_status":"open","ping_status":"open","sticky":false,"template":"","format":"standard","meta":{"footnotes":""},"categories":[25],"tags":[],"class_list":{"0":"post-4673","1":"post","2":"type-post","3":"status-publish","4":"format-standard","5":"has-post-thumbnail","7":"category-calendariodeeventos"},"_links":{"self":[{"href":"https:\/\/tveventos.tv.br\/index.php?rest_route=\/wp\/v2\/posts\/4673","targetHints":{"allow":["GET"]}}],"collection":[{"href":"https:\/\/tveventos.tv.br\/index.php?rest_route=\/wp\/v2\/posts"}],"about":[{"href":"https:\/\/tveventos.tv.br\/index.php?rest_route=\/wp\/v2\/types\/post"}],"author":[{"embeddable":true,"href":"https:\/\/tveventos.tv.br\/index.php?rest_route=\/wp\/v2\/users\/3"}],"replies":[{"embeddable":true,"href":"https:\/\/tveventos.tv.br\/index.php?rest_route=%2Fwp%2Fv2%2Fcomments&post=4673"}],"version-history":[{"count":1,"href":"https:\/\/tveventos.tv.br\/index.php?rest_route=\/wp\/v2\/posts\/4673\/revisions"}],"predecessor-version":[{"id":4675,"href":"https:\/\/tveventos.tv.br\/index.php?rest_route=\/wp\/v2\/posts\/4673\/revisions\/4675"}],"wp:featuredmedia":[{"embeddable":true,"href":"https:\/\/tveventos.tv.br\/index.php?rest_route=\/wp\/v2\/media\/4674"}],"wp:attachment":[{"href":"https:\/\/tveventos.tv.br\/index.php?rest_route=%2Fwp%2Fv2%2Fmedia&parent=4673"}],"wp:term":[{"taxonomy":"category","embeddable":true,"href":"https:\/\/tveventos.tv.br\/index.php?rest_route=%2Fwp%2Fv2%2Fcategories&post=4673"},{"taxonomy":"post_tag","embeddable":true,"href":"https:\/\/tveventos.tv.br\/index.php?rest_route=%2Fwp%2Fv2%2Ftags&post=4673"}],"curies":[{"name":"wp","href":"https:\/\/api.w.org\/{rel}","templated":true}]}}