{"id":4676,"date":"2025-05-21T15:31:56","date_gmt":"2025-05-21T18:31:56","guid":{"rendered":"https:\/\/tveventos.tv.br\/?p=4676"},"modified":"2025-05-21T15:32:48","modified_gmt":"2025-05-21T18:32:48","slug":"celebra-show-2","status":"publish","type":"post","link":"https:\/\/tveventos.tv.br\/?p=4676","title":{"rendered":"CELEBRA SHOW"},"content":{"rendered":"\n<p>A Celebra Show \u00e9 uma feira de neg\u00f3cios B2B (business-to-business) dedicada ao universo das celebra\u00e7\u00f5es, festas e eventos, organizada pela ABCasa \u2013 Associa\u00e7\u00e3o Brasileira de Artigos para Casa, Decora\u00e7\u00e3o, Presentes, Utilidades Dom\u00e9sticas, Festas, Flores e T\u00eaxtil. Realizada anualmente no Expo Center Norte, em S\u00e3o Paulo, a feira re\u00fane profissionais e empresas dos setores de decora\u00e7\u00e3o de festas, confeitaria, bal\u00f5es, parques e eventos sociais, oferecendo um espa\u00e7o para atualiza\u00e7\u00e3o, networking e neg\u00f3cios.<\/p>\n\n\n\n<p>Com uma programa\u00e7\u00e3o diversificada, a Celebra Show apresenta lan\u00e7amentos, tend\u00eancias e conte\u00fados especializados, como workshops, palestras e semin\u00e1rios, incluindo o Balloon Meeting Brasil, voltado para profissionais da arte com bal\u00f5es. O evento tamb\u00e9m conta com \u00e1reas tem\u00e1ticas, como o Celebra Trends, que exibe cen\u00e1rios e novidades do mercado de celebra\u00e7\u00f5es, e o Natal Connect, focado na decora\u00e7\u00e3o natalina.<\/p>\n\n\n\n<p>A feira \u00e9 gratuita e destinada a lojistas com CNPJ ativo e profissionais do setor que possam comprovar atua\u00e7\u00e3o, como decoradores, cerimonialistas, confeiteiros e influenciadores. Al\u00e9m da exposi\u00e7\u00e3o de produtos, a Celebra Show oferece uma infraestrutura completa, com transporte gratuito, pra\u00e7a de alimenta\u00e7\u00e3o, lounges para descanso e espa\u00e7os para recarga de celular, visando proporcionar uma experi\u00eancia confort\u00e1vel e produtiva para os visitantes.<\/p>\n\n\n\n<p>Junte-se a n\u00f3s nos dias 25 a 28, dias 25\/05 a 27\/05 das 10h \u00e0s 20h e dia 28\/05 das 10h \u00e0s 17h no Expo Center Norte<\/p>\n\n\n\n<p>Endere\u00e7o: &nbsp;Rua Jos\u00e9 Bernardo Pinto 333, S\u00e3o Paulo, SP, 02055-000<\/p>\n\n\n\n<p>&nbsp;<\/p>\n","protected":false},"excerpt":{"rendered":"<p>A Celebra Show \u00e9 uma feira de neg\u00f3cios B2B (business-to-business) dedicada ao universo das celebra\u00e7\u00f5es, festas e eventos, organizada pela ABCasa \u2013 Associa\u00e7\u00e3o Brasileira de Artigos para Casa, Decora\u00e7\u00e3o, Presentes, Utilidades Dom\u00e9sticas, Festas, Flores e T\u00eaxtil. Realizada anualmente no Expo Center Norte, em S\u00e3o Paulo, a feira re\u00fane profissionais e empresas dos setores de decora\u00e7\u00e3o [&hellip;]<\/p>\n","protected":false},"author":3,"featured_media":4677,"comment_status":"open","ping_status":"open","sticky":false,"template":"","format":"standard","meta":{"footnotes":""},"categories":[25],"tags":[],"class_list":{"0":"post-4676","1":"post","2":"type-post","3":"status-publish","4":"format-standard","5":"has-post-thumbnail","7":"category-calendariodeeventos"},"_links":{"self":[{"href":"https:\/\/tveventos.tv.br\/index.php?rest_route=\/wp\/v2\/posts\/4676","targetHints":{"allow":["GET"]}}],"collection":[{"href":"https:\/\/tveventos.tv.br\/index.php?rest_route=\/wp\/v2\/posts"}],"about":[{"href":"https:\/\/tveventos.tv.br\/index.php?rest_route=\/wp\/v2\/types\/post"}],"author":[{"embeddable":true,"href":"https:\/\/tveventos.tv.br\/index.php?rest_route=\/wp\/v2\/users\/3"}],"replies":[{"embeddable":true,"href":"https:\/\/tveventos.tv.br\/index.php?rest_route=%2Fwp%2Fv2%2Fcomments&post=4676"}],"version-history":[{"count":2,"href":"https:\/\/tveventos.tv.br\/index.php?rest_route=\/wp\/v2\/posts\/4676\/revisions"}],"predecessor-version":[{"id":4679,"href":"https:\/\/tveventos.tv.br\/index.php?rest_route=\/wp\/v2\/posts\/4676\/revisions\/4679"}],"wp:featuredmedia":[{"embeddable":true,"href":"https:\/\/tveventos.tv.br\/index.php?rest_route=\/wp\/v2\/media\/4677"}],"wp:attachment":[{"href":"https:\/\/tveventos.tv.br\/index.php?rest_route=%2Fwp%2Fv2%2Fmedia&parent=4676"}],"wp:term":[{"taxonomy":"category","embeddable":true,"href":"https:\/\/tveventos.tv.br\/index.php?rest_route=%2Fwp%2Fv2%2Fcategories&post=4676"},{"taxonomy":"post_tag","embeddable":true,"href":"https:\/\/tveventos.tv.br\/index.php?rest_route=%2Fwp%2Fv2%2Ftags&post=4676"}],"curies":[{"name":"wp","href":"https:\/\/api.w.org\/{rel}","templated":true}]}}