{"id":4684,"date":"2025-05-21T15:51:38","date_gmt":"2025-05-21T18:51:38","guid":{"rendered":"https:\/\/tveventos.tv.br\/?p=4684"},"modified":"2025-05-21T15:51:39","modified_gmt":"2025-05-21T18:51:39","slug":"mara-cakes-fair","status":"publish","type":"post","link":"https:\/\/tveventos.tv.br\/?p=4684","title":{"rendered":"MARA CAKES FAIR"},"content":{"rendered":"\n<p>A Mara Cakes Fair 2025 \u00e9 um evento especializado no universo da confeitaria e panifica\u00e7\u00e3o que acontecer\u00e1 em 2025, reunindo profissionais, empres\u00e1rios e entusiastas da \u00e1rea. O foco do evento \u00e9 promover a troca de conhecimentos e tend\u00eancias relacionadas \u00e0 arte de fazer bolos, doces e sobremesas, oferecendo uma plataforma para que os participantes possam aprimorar suas t\u00e9cnicas, explorar novos produtos e conhecer as \u00faltimas novidades do setor. A feira contar\u00e1 com workshops, demonstra\u00e7\u00f5es ao vivo e palestras de especialistas renomados, al\u00e9m de um espa\u00e7o dedicado \u00e0 exposi\u00e7\u00e3o de ingredientes, utens\u00edlios e equipamentos de confeitaria.<\/p>\n\n\n\n<p>A Mara Cakes Fair \u00e9 uma excelente oportunidade para quem quer se atualizar nas tend\u00eancias do mercado, fazer networking com outros profissionais e at\u00e9 mesmo encontrar fornecedores e parceiros para o neg\u00f3cio. Al\u00e9m disso, o evento tem um car\u00e1ter inclusivo, buscando incentivar o desenvolvimento e a capacita\u00e7\u00e3o tanto de iniciantes quanto de profissionais j\u00e1 consolidados. Em 2025, a expectativa \u00e9 que a feira atraia um p\u00fablico ainda maior, com um foco crescente em t\u00e9cnicas inovadoras, sustentabilidade e novas tend\u00eancias em doces personalizados e decora\u00e7\u00e3o de bolos.<\/p>\n\n\n\n<p>Em resumo, a Mara Cakes Fair 2025 se consolidar\u00e1 como um ponto de encontro imperd\u00edvel para quem busca excel\u00eancia na confeitaria, inova\u00e7\u00e3o e inspira\u00e7\u00e3o.<\/p>\n\n\n\n<p>Junte-se a n\u00f3s nos dias 29 a 01 de maio, das 12h \u00e0s 20h no S\u00e3o Paulo Expo\u00a0<\/p>\n\n\n\n<p>Endere\u00e7o: \u00a0Rod. dos Imigrantes 5, S\/N, km. 1, S\u00e3o Paulo, SP, 04329-900<\/p>\n\n\n\n<p><\/p>\n","protected":false},"excerpt":{"rendered":"<p>A Mara Cakes Fair 2025 \u00e9 um evento especializado no universo da confeitaria e panifica\u00e7\u00e3o que acontecer\u00e1 em 2025, reunindo profissionais, empres\u00e1rios e entusiastas da \u00e1rea. O foco do evento \u00e9 promover a troca de conhecimentos e tend\u00eancias relacionadas \u00e0 arte de fazer bolos, doces e sobremesas, oferecendo uma plataforma para que os participantes possam [&hellip;]<\/p>\n","protected":false},"author":3,"featured_media":4685,"comment_status":"open","ping_status":"open","sticky":false,"template":"","format":"standard","meta":{"footnotes":""},"categories":[25],"tags":[],"class_list":{"0":"post-4684","1":"post","2":"type-post","3":"status-publish","4":"format-standard","5":"has-post-thumbnail","7":"category-calendariodeeventos"},"_links":{"self":[{"href":"https:\/\/tveventos.tv.br\/index.php?rest_route=\/wp\/v2\/posts\/4684","targetHints":{"allow":["GET"]}}],"collection":[{"href":"https:\/\/tveventos.tv.br\/index.php?rest_route=\/wp\/v2\/posts"}],"about":[{"href":"https:\/\/tveventos.tv.br\/index.php?rest_route=\/wp\/v2\/types\/post"}],"author":[{"embeddable":true,"href":"https:\/\/tveventos.tv.br\/index.php?rest_route=\/wp\/v2\/users\/3"}],"replies":[{"embeddable":true,"href":"https:\/\/tveventos.tv.br\/index.php?rest_route=%2Fwp%2Fv2%2Fcomments&post=4684"}],"version-history":[{"count":1,"href":"https:\/\/tveventos.tv.br\/index.php?rest_route=\/wp\/v2\/posts\/4684\/revisions"}],"predecessor-version":[{"id":4686,"href":"https:\/\/tveventos.tv.br\/index.php?rest_route=\/wp\/v2\/posts\/4684\/revisions\/4686"}],"wp:featuredmedia":[{"embeddable":true,"href":"https:\/\/tveventos.tv.br\/index.php?rest_route=\/wp\/v2\/media\/4685"}],"wp:attachment":[{"href":"https:\/\/tveventos.tv.br\/index.php?rest_route=%2Fwp%2Fv2%2Fmedia&parent=4684"}],"wp:term":[{"taxonomy":"category","embeddable":true,"href":"https:\/\/tveventos.tv.br\/index.php?rest_route=%2Fwp%2Fv2%2Fcategories&post=4684"},{"taxonomy":"post_tag","embeddable":true,"href":"https:\/\/tveventos.tv.br\/index.php?rest_route=%2Fwp%2Fv2%2Ftags&post=4684"}],"curies":[{"name":"wp","href":"https:\/\/api.w.org\/{rel}","templated":true}]}}