{"id":4687,"date":"2025-05-30T15:01:49","date_gmt":"2025-05-30T18:01:49","guid":{"rendered":"https:\/\/tveventos.tv.br\/?p=4687"},"modified":"2025-05-30T15:01:50","modified_gmt":"2025-05-30T18:01:50","slug":"expo-evtol-2025-destaca-debates-sobre-criacao-de-vertiportos","status":"publish","type":"post","link":"https:\/\/tveventos.tv.br\/?p=4687","title":{"rendered":"Expo eVTOL 2025 destaca debates sobre cria\u00e7\u00e3o de vertiportos"},"content":{"rendered":"\n<p>O mercado da Mobilidade A\u00e9rea Urbana (UAM, na sigla em ingl\u00eas), com suas aeronaves el\u00e9tricas de decolagem e pouso vertical (eVTOLs), est\u00e1 cada vez mais pr\u00f3ximo de se tornar uma realidade.<\/p>\n\n\n\n<p>Um dos requisitos fundamentais para isso acontecer s\u00e3o os vertiportos. E o Brasil j\u00e1 se colocou na vanguarda deste assunto, que ser\u00e1 um dos principais a serem debatidos durante o 3\u00ba F\u00f3rum eVTOL \u2014 Avia\u00e7\u00e3o do Futuro.<\/p>\n\n\n\n<p>O evento, organizado pela MundoGEO e Italian Exhibition Group (IEG), ser\u00e1 realizado durante a Expo eVTOL 2025, de 3 a 5 de junho no Expo Center Norte \u2013 Pavilh\u00e3o Azul, em S\u00e3o Paulo (SP).<\/p>\n\n\n\n<p>Em 2024, a Ag\u00eancia Nacional de Avia\u00e7\u00e3o Civil (Anac) abriu um edital para que empresas interessadas pudessem participar do ambiente regulat\u00f3rio experimental de vertiportos.<\/p>\n\n\n\n<p>De 38 propostas, a ag\u00eancia selecionou dois projetos para acompanhar durante 24 meses e tirar subs\u00eddios para incluir em uma futura regulamenta\u00e7\u00e3o espec\u00edfica para a constru\u00e7\u00e3o desse tipo de infraestrutura, que n\u00e3o \u00e9 um heliponto, muito menos um aeroporto.&nbsp;<\/p>\n\n\n\n<p>Este modelo adotado pela Anac se difere de outros lugares do mundo, como Estados Unidos e Europa, que j\u00e1 desenharam seus guias para constru\u00e7\u00e3o de vertiportos.<\/p>\n\n\n\n<p>Este caminho, por\u00e9m, permite que a pr\u00f3pria ind\u00fastria teste novas tecnologias e tornem a regulamenta\u00e7\u00e3o brasileira mais robusta e com base em experimenta\u00e7\u00e3o pr\u00e1tica.&nbsp;<\/p>\n\n\n\n<p>Neste sentido, representantes da Anac e das duas empresas selecionadas \u2014 VertiMob Infrastructure e PAX Aeroportos \u2014 participar\u00e3o do 3\u00ba F\u00f3rum eVTOL para apresentar o que j\u00e1 est\u00e1 sendo feito e quais ser\u00e3o os pr\u00f3ximos passos do sandbox regulat\u00f3rio.&nbsp;<\/p>\n\n\n\n<p><strong>Estar\u00e3o reunidos em um painel no F\u00f3rum:<\/strong><\/p>\n\n\n\n<p>\u2022 Eduardo Henn Bernardi \u2013 Gerente de Certifica\u00e7\u00e3o e Seguran\u00e7a Operacional da Anac<\/p>\n\n\n\n<p>\u2022 Bruno Limoeiro \u2013 CEO da VertiMob Infrastructure<\/p>\n\n\n\n<p>\u2022 Rog\u00e9rio Prado \u2013 CEO da PAX Aeroportos<\/p>\n\n\n\n<p>A programa\u00e7\u00e3o do 3\u00ba F\u00f3rum eVTOL ainda contempla outros 13 pain\u00e9is que debater\u00e3o temas relacionados ao mercado dos eVTOLs, como:<\/p>\n\n\n\n<p>\u2013 Opera\u00e7\u00e3o comercial, viabilidade econ\u00f4mica, certifica\u00e7\u00e3o de aeronaves, digitaliza\u00e7\u00e3o do espa\u00e7o a\u00e9reo, forma\u00e7\u00e3o de recursos humanos, tecnologias de propuls\u00e3o, ciberseguran\u00e7a, entre outros.<\/p>\n\n\n\n<p>Com palestrantes nacionais e estrangeiros, o f\u00f3rum ter\u00e1 tradu\u00e7\u00e3o simult\u00e2nea em portugu\u00eas, ingl\u00eas e espanhol. A programa\u00e7\u00e3o pode ser acessada no site&nbsp;<a href=\"http:\/\/www.expoevtol.com\/\" target=\"_blank\" rel=\"noreferrer noopener\">www.expoevtol.com<\/a>.<\/p>\n\n\n\n<p>\u201cOs vertiportos s\u00e3o a espinha dorsal do mercado de Mobilidade A\u00e9rea Urbana. Sem eles, este setor n\u00e3o existe\u201d, afirma o CEO da MundoGEO, Emerson Granemann.<\/p>\n\n\n\n<p>\u201cPor isso, fizemos quest\u00e3o de colocar este assunto na programa\u00e7\u00e3o do 3\u00ba F\u00f3rum eVTOL e mostrar a todos os participantes como o Brasil est\u00e1 se colocando entre os principais players globais desta tecnologia que mudar\u00e1 a paisagem das cidades\u201d, completa.<\/p>\n\n\n\n<p>Al\u00e9m do f\u00f3rum, a MundoGEO organizar\u00e1 o 1\u00ba Semin\u00e1rio eVTOLs no Ecossistema de Mobilidade A\u00e9rea Urbana, voltado especialmente para gestores p\u00fablicos e com foco nos projetos de mobilidade nas cidades.<\/p>\n\n\n\n<p>Na feira de neg\u00f3cios est\u00e3o confirmadas importantes empresas do setor de Mobilidade A\u00e9rea, como Eve Air Mobility, Moya Aero, EHang, V8, Ave Technology, entre outras. Estar\u00e3o presentes tamb\u00e9m a Anac e o Departamento de Controle do Espa\u00e7o A\u00e9reo (Decea).<\/p>\n\n\n\n<p><strong>SERVI\u00c7O:<\/strong><\/p>\n\n\n\n<p>Quando: 3 a 5 de junho de 2025<\/p>\n\n\n\n<p>Onde: Expo Center Norte \u2013 Pavilh\u00e3o Azul, em S\u00e3o Paulo (SP)<\/p>\n\n\n\n<p>Mais informa\u00e7\u00f5es e programa\u00e7\u00e3o completa:&nbsp;<a href=\"http:\/\/www.expoevtol.com\/\" target=\"_blank\" rel=\"noreferrer noopener\">www.expoevtol.com<\/a><\/p>\n","protected":false},"excerpt":{"rendered":"<p>O mercado da Mobilidade A\u00e9rea Urbana (UAM, na sigla em ingl\u00eas), com suas aeronaves el\u00e9tricas de decolagem e pouso vertical (eVTOLs), est\u00e1 cada vez mais pr\u00f3ximo de se tornar uma realidade. Um dos requisitos fundamentais para isso acontecer s\u00e3o os vertiportos. E o Brasil j\u00e1 se colocou na vanguarda deste assunto, que ser\u00e1 um dos [&hellip;]<\/p>\n","protected":false},"author":3,"featured_media":4688,"comment_status":"open","ping_status":"open","sticky":false,"template":"","format":"standard","meta":{"footnotes":""},"categories":[23],"tags":[],"class_list":{"0":"post-4687","1":"post","2":"type-post","3":"status-publish","4":"format-standard","5":"has-post-thumbnail","7":"category-feirasdenegocios"},"_links":{"self":[{"href":"https:\/\/tveventos.tv.br\/index.php?rest_route=\/wp\/v2\/posts\/4687","targetHints":{"allow":["GET"]}}],"collection":[{"href":"https:\/\/tveventos.tv.br\/index.php?rest_route=\/wp\/v2\/posts"}],"about":[{"href":"https:\/\/tveventos.tv.br\/index.php?rest_route=\/wp\/v2\/types\/post"}],"author":[{"embeddable":true,"href":"https:\/\/tveventos.tv.br\/index.php?rest_route=\/wp\/v2\/users\/3"}],"replies":[{"embeddable":true,"href":"https:\/\/tveventos.tv.br\/index.php?rest_route=%2Fwp%2Fv2%2Fcomments&post=4687"}],"version-history":[{"count":1,"href":"https:\/\/tveventos.tv.br\/index.php?rest_route=\/wp\/v2\/posts\/4687\/revisions"}],"predecessor-version":[{"id":4689,"href":"https:\/\/tveventos.tv.br\/index.php?rest_route=\/wp\/v2\/posts\/4687\/revisions\/4689"}],"wp:featuredmedia":[{"embeddable":true,"href":"https:\/\/tveventos.tv.br\/index.php?rest_route=\/wp\/v2\/media\/4688"}],"wp:attachment":[{"href":"https:\/\/tveventos.tv.br\/index.php?rest_route=%2Fwp%2Fv2%2Fmedia&parent=4687"}],"wp:term":[{"taxonomy":"category","embeddable":true,"href":"https:\/\/tveventos.tv.br\/index.php?rest_route=%2Fwp%2Fv2%2Fcategories&post=4687"},{"taxonomy":"post_tag","embeddable":true,"href":"https:\/\/tveventos.tv.br\/index.php?rest_route=%2Fwp%2Fv2%2Ftags&post=4687"}],"curies":[{"name":"wp","href":"https:\/\/api.w.org\/{rel}","templated":true}]}}