{"id":4690,"date":"2025-06-02T13:39:29","date_gmt":"2025-06-02T16:39:29","guid":{"rendered":"https:\/\/tveventos.tv.br\/?p=4690"},"modified":"2025-06-02T13:44:01","modified_gmt":"2025-06-02T16:44:01","slug":"vtex-day-2","status":"publish","type":"post","link":"https:\/\/tveventos.tv.br\/?p=4690","title":{"rendered":"VTEX DAY"},"content":{"rendered":"\n<p>O VTEX DAY 2025 \u00e9 um dos maiores e mais influentes eventos de com\u00e9rcio digital do mundo, reunindo profissionais, empresas e especialistas do setor para discutir inova\u00e7\u00f5es, tend\u00eancias e estrat\u00e9gias que moldam o futuro do varejo online. Organizado pela VTEX, uma multinacional brasileira de tecnologia especializada em solu\u00e7\u00f5es de e-commerce, o evento acontece nos dias 2 e 3 de junho de 2025 no S\u00e3o Paulo Expo.<\/p>\n\n\n\n<p>Nesta 16\u00aa edi\u00e7\u00e3o, o VTEX DAY oferece uma experi\u00eancia imersiva com mais de 120 horas de conte\u00fado distribu\u00eddas em oito palcos tem\u00e1ticos. Os participantes t\u00eam a oportunidade de assistir a palestras de l\u00edderes do setor, como Laysa Peixoto, engenheira s\u00eanior da TechNova Innovations, que abordar\u00e1 temas como governan\u00e7a e seguran\u00e7a em intelig\u00eancia artificial. Al\u00e9m disso, o evento conta com a presen\u00e7a de aproximadamente 230 expositores, incluindo empresas como a Cielo, que apresentar\u00e3o solu\u00e7\u00f5es inovadoras para o com\u00e9rcio digital.<\/p>\n\n\n\n<p>O VTEX DAY tamb\u00e9m \u00e9 uma plataforma para networking de alto n\u00edvel, permitindo que profissionais estabele\u00e7am conex\u00f5es estrat\u00e9gicas e compartilhem conhecimentos. A feira de neg\u00f3cios oferece acesso a uma variedade de solu\u00e7\u00f5es tecnol\u00f3gicas, desde plataformas de e-commerce at\u00e9 ferramentas de an\u00e1lise de dados, proporcionando insights valiosos para aprimorar opera\u00e7\u00f5es e estrat\u00e9gias de neg\u00f3cios.<\/p>\n\n\n\n<p>Para mais informa\u00e7\u00f5es sobre o evento, incluindo programa\u00e7\u00e3o detalhada e lista de palestrantes, visite o site oficial do VTEX DAY 2025.<\/p>\n\n\n\n<p>Junte-se a n\u00f3s nos dias 02 E 03 de junho, das 10h \u00e0s 18h15h no S\u00e3o Paulo Expo<\/p>\n\n\n\n<p>Endere\u00e7o: Rod. dos Imigrantes 5, S\/N, km. 1, S\u00e3o Paulo, SP, 04329-900<\/p>\n\n\n\n<p><\/p>\n","protected":false},"excerpt":{"rendered":"<p>O VTEX DAY 2025 \u00e9 um dos maiores e mais influentes eventos de com\u00e9rcio digital do mundo, reunindo profissionais, empresas e especialistas do setor para discutir inova\u00e7\u00f5es, tend\u00eancias e estrat\u00e9gias que moldam o futuro do varejo online. Organizado pela VTEX, uma multinacional brasileira de tecnologia especializada em solu\u00e7\u00f5es de e-commerce, o evento acontece nos dias [&hellip;]<\/p>\n","protected":false},"author":3,"featured_media":4691,"comment_status":"open","ping_status":"open","sticky":false,"template":"","format":"standard","meta":{"footnotes":""},"categories":[25],"tags":[],"class_list":{"0":"post-4690","1":"post","2":"type-post","3":"status-publish","4":"format-standard","5":"has-post-thumbnail","7":"category-calendariodeeventos"},"_links":{"self":[{"href":"https:\/\/tveventos.tv.br\/index.php?rest_route=\/wp\/v2\/posts\/4690","targetHints":{"allow":["GET"]}}],"collection":[{"href":"https:\/\/tveventos.tv.br\/index.php?rest_route=\/wp\/v2\/posts"}],"about":[{"href":"https:\/\/tveventos.tv.br\/index.php?rest_route=\/wp\/v2\/types\/post"}],"author":[{"embeddable":true,"href":"https:\/\/tveventos.tv.br\/index.php?rest_route=\/wp\/v2\/users\/3"}],"replies":[{"embeddable":true,"href":"https:\/\/tveventos.tv.br\/index.php?rest_route=%2Fwp%2Fv2%2Fcomments&post=4690"}],"version-history":[{"count":3,"href":"https:\/\/tveventos.tv.br\/index.php?rest_route=\/wp\/v2\/posts\/4690\/revisions"}],"predecessor-version":[{"id":4695,"href":"https:\/\/tveventos.tv.br\/index.php?rest_route=\/wp\/v2\/posts\/4690\/revisions\/4695"}],"wp:featuredmedia":[{"embeddable":true,"href":"https:\/\/tveventos.tv.br\/index.php?rest_route=\/wp\/v2\/media\/4691"}],"wp:attachment":[{"href":"https:\/\/tveventos.tv.br\/index.php?rest_route=%2Fwp%2Fv2%2Fmedia&parent=4690"}],"wp:term":[{"taxonomy":"category","embeddable":true,"href":"https:\/\/tveventos.tv.br\/index.php?rest_route=%2Fwp%2Fv2%2Fcategories&post=4690"},{"taxonomy":"post_tag","embeddable":true,"href":"https:\/\/tveventos.tv.br\/index.php?rest_route=%2Fwp%2Fv2%2Ftags&post=4690"}],"curies":[{"name":"wp","href":"https:\/\/api.w.org\/{rel}","templated":true}]}}